{"id":24111,"date":"2021-12-08T12:22:00","date_gmt":"2021-12-08T09:22:00","guid":{"rendered":"http:\/\/chpantalya.com\/?p=24111"},"modified":"2021-12-11T12:27:02","modified_gmt":"2021-12-11T09:27:02","slug":"yayin-yasagi-ile-kimleri-korumaya-calisiyorlar","status":"publish","type":"post","link":"https:\/\/chpantalya.com\/?p=24111","title":{"rendered":"YAYIN YASA\u011eI \u0130LE K\u0130MLER\u0130 KORUMAYA \u00c7ALI\u015eIYORLAR"},"content":{"rendered":"\n<p>Cumhuriyet Halk Partisi Antalya \u0130l Ba\u015fkan\u0131 Nuri Cengiz, d\u00fcn \u00f6\u011fle saatlerinde Antalya \u0130lim ve K\u00fclt\u00fcr Derne\u011fi\u2019nin \u00f6\u011frenci yurdunda ger\u00e7ekle\u015fen kan dondurucu cinayetle alakal\u0131 yay\u0131n yasa\u011f\u0131 getirilmesine sert tepki g\u00f6sterdi. Ba\u015fkan Cengiz getirilen yay\u0131n yasa\u011f\u0131n\u0131n derne\u011fi koruma ama\u00e7l\u0131 uyguland\u0131\u011f\u0131n\u0131 belirterek, \u201cHalk\u0131n haber alma \u00f6zg\u00fcrl\u00fc\u011f\u00fcne de darbe vurmaktalar\u201d dedi<\/p>\n\n\n\n<p>D\u00fcn Antalya \u0130lim ve K\u00fclt\u00fcr Derne\u011fi\u2019nin \u00f6\u011frenci yurdunda ger\u00e7ekle\u015fen kan dondurucu cinayetle alakal\u0131 yay\u0131n yasa\u011f\u0131 getirilmesine Cumhuriyet Halk Partisi Antalya \u0130l Ba\u015fkan\u0131 Nuri Cengiz\u2019den sert tepki geldi. AKP iktidar\u0131n\u0131n cemaatlerle ili\u015fkilerinden \u00f6t\u00fcr\u00fc daha \u00f6nce \u00e7ok a\u011f\u0131r bedellerin \u00f6dendi\u011fini ifade eden Ba\u015fkan Cengiz getirilen yay\u0131n yasa\u011f\u0131n\u0131n derne\u011fi koruma ama\u00e7l\u0131 uyguland\u0131\u011f\u0131n\u0131 belirtti. Ba\u015fkan Nuri Cengiz, \u201cGencecik bir delikanl\u0131 yurdun a\u015f\u00e7\u0131s\u0131 taraf\u0131ndan ba\u015f\u0131 kesilerek vah\u015fice katledildi! \u015euursuz katilin daha sonra kesik ba\u015f\u0131 \u00e7ocu\u011fun g\u00f6\u011fs\u00fcne b\u0131rak\u0131p &#8220;Deccali vurdum&#8221; diye ba\u011f\u0131rd\u0131\u011f\u0131 s\u00f6ylenmekte. B\u00f6ylesi bir vah\u015fete yay\u0131n yasa\u011f\u0131 getirerek, halk\u0131n haber alma \u00f6zg\u00fcrl\u00fc\u011f\u00fcne darbe vurmaktalar! Getirilen yay\u0131n yasa\u011f\u0131; \u00e7ocuklar\u0131 bu ve benzeri cemaat, dernek veya vak\u0131f yurtlar\u0131nda uygun fiyata konaklayan ailelerin endi\u015felerine tuz biber ekmektedir! \u0130lim irfan parolas\u0131yla bir araya gelen topluluklarda meydana gelen bu ka\u00e7\u0131nca ak\u0131l ve izan d\u0131\u015f\u0131 olay? Maddi \u00e7\u0131kar, cinsel istismar ve din s\u00f6m\u00fcr\u00fcs\u00fcn\u00fc profesyonel hale getirmi\u015f olan cemaat, vak\u0131f, dernek vb. kurulu\u015flar\u0131; \u2018Bir kereden bir \u015fey olmaz\u2019 zihniyetiyle savunanlar, T\u00fcrkiye\u2019yi y\u00f6neten zihniyetin aynas\u0131d\u0131r!\u201d dedi.<\/p>\n\n\n\n<p><strong>\u201cKARA CEHALETE KURBAN G\u0130TT\u0130\u201d<\/strong><\/p>\n\n\n\n<p>Bir\u00e7ok \u00f6\u011frencinin, bar\u0131nacak yeri olmad\u0131\u011f\u0131ndan, uygun fiyatlara bu gibi yerlerde ya\u015fad\u0131klar\u0131n\u0131 bu \u00f6\u011frencilerin ebeveynlerinin tedirgin oldu\u011funu ifade eden CHP Antalya \u0130l Ba\u015fkan\u0131 Nuri Cengiz, \u201cParolas\u0131 ak\u0131l ve bilim olmayan her anlay\u0131\u015f\u0131n i\u00e7erisinde var olabilecek bu potansiyel cehaletin s\u0131n\u0131rlar\u0131 \u00f6yle geni\u015f ki; bu cehalet, sessiz sakin gencecik bir \u00e7ocu\u011fun &#8216;deccal&#8217; diye katledilmesi kadar \u015fuursuz sonu\u00e7lar do\u011furabilmektedir. Kara cehalete kurban giden talihsiz gencimiz Mehmet Sami Tu\u011frul&#8217;a Allah&#8217;tan rahmet, ailesine ve yak\u0131nlar\u0131na ba\u015fsa\u011fl\u0131\u011f\u0131 diliyorum. Devlet yurtlar\u0131nda yeterli kontenjan; vatanda\u015f\u0131n cebinde ev kiralar\u0131 ve \u00f6zel yurt fiyatlar\u0131n\u0131 kar\u015f\u0131layabilecek para olmad\u0131\u011f\u0131 i\u00e7in; \u00e7ocuklar\u0131n\u0131 ucuz diye ilim cemaat yurtlar\u0131na yerle\u015ftirmek zorunda kalan ailelere Allah sab\u0131r versin. Kimsenin endi\u015fesi ve \u015f\u00fcphesi olmas\u0131n ki; devletin bu gibi cemaatlere, vak\u0131flara, derneklere de\u011fil sadece halka hizmet etti\u011fi ve her t\u00fcrl\u00fc ihtiyac\u0131 kar\u015f\u0131layabildi\u011fi adil ve liyakatli bir anlay\u0131\u015f taraf\u0131ndan; Cumhuriyet Halk Partisi iktidar\u0131 taraf\u0131ndan y\u00f6netilmesine \u00e7ok az kald\u0131\u201d dedi.<\/p>\n","protected":false},"excerpt":{"rendered":"<p>Cumhuriyet Halk Partisi Antalya \u0130l Ba\u015fkan\u0131 Nuri Cengiz, d\u00fcn \u00f6\u011fle saatlerinde Antalya \u0130lim ve K\u00fclt\u00fcr Derne\u011fi\u2019nin \u00f6\u011frenci yurdunda ger\u00e7ekle\u015fen kan dondurucu cinayetle alakal\u0131 yay\u0131n yasa\u011f\u0131 getirilmesine sert tepki g\u00f6sterdi. Ba\u015fkan Cengiz getirilen yay\u0131n yasa\u011f\u0131n\u0131n derne\u011fi koruma ama\u00e7l\u0131 uyguland\u0131\u011f\u0131n\u0131 belirterek, \u201cHalk\u0131n haber alma \u00f6zg\u00fcrl\u00fc\u011f\u00fcne de darbe vurmaktalar\u201d dedi D\u00fcn Antalya \u0130lim ve K\u00fclt\u00fcr Derne\u011fi\u2019nin \u00f6\u011frenci yurdunda [&hellip;]<\/p>\n","protected":false},"author":1,"featured_media":23485,"comment_status":"closed","ping_status":"open","sticky":false,"template":"","format":"standard","meta":[],"categories":[58,1],"tags":[],"amp_enabled":true,"_links":{"self":[{"href":"https:\/\/chpantalya.com\/index.php?rest_route=\/wp\/v2\/posts\/24111"}],"collection":[{"href":"https:\/\/chpantalya.com\/index.php?rest_route=\/wp\/v2\/posts"}],"about":[{"href":"https:\/\/chpantalya.com\/index.php?rest_route=\/wp\/v2\/types\/post"}],"author":[{"embeddable":true,"href":"https:\/\/chpantalya.com\/index.php?rest_route=\/wp\/v2\/users\/1"}],"replies":[{"embeddable":true,"href":"https:\/\/chpantalya.com\/index.php?rest_route=%2Fwp%2Fv2%2Fcomments&post=24111"}],"version-history":[{"count":0,"href":"https:\/\/chpantalya.com\/index.php?rest_route=\/wp\/v2\/posts\/24111\/revisions"}],"wp:featuredmedia":[{"embeddable":true,"href":"https:\/\/chpantalya.com\/index.php?rest_route=\/wp\/v2\/media\/23485"}],"wp:attachment":[{"href":"https:\/\/chpantalya.com\/index.php?rest_route=%2Fwp%2Fv2%2Fmedia&parent=24111"}],"wp:term":[{"taxonomy":"category","embeddable":true,"href":"https:\/\/chpantalya.com\/index.php?rest_route=%2Fwp%2Fv2%2Fcategories&post=24111"},{"taxonomy":"post_tag","embeddable":true,"href":"https:\/\/chpantalya.com\/index.php?rest_route=%2Fwp%2Fv2%2Ftags&post=24111"}],"curies":[{"name":"wp","href":"https:\/\/api.w.org\/{rel}","templated":true}]}}