{"id":24113,"date":"2021-12-11T12:52:36","date_gmt":"2021-12-11T09:52:36","guid":{"rendered":"http:\/\/chpantalya.com\/?p=24113"},"modified":"2021-12-12T17:21:01","modified_gmt":"2021-12-12T14:21:01","slug":"ozer-tarim-bakanina-rusvet-dosyasi-verdi","status":"publish","type":"post","link":"https:\/\/chpantalya.com\/?p=24113","title":{"rendered":"\u00d6ZER TARIM BAKANINA R\u00dc\u015eVET DOSYASI VERD\u0130"},"content":{"rendered":"\n<p>CHP\u2019li \u00d6zer, Meclis\u2019te devam eden b\u00fct\u00e7e g\u00f6r\u00fc\u015fmelerinde Tar\u0131m ve Orman Bakanl\u0131\u011f\u0131ndaki bir r\u00fc\u015fvet iddias\u0131n\u0131 dile getirdi. Konu\u015fmas\u0131n\u0131 \u201c\u0130spatlamazsan \u015ferefsizsin\u201d diye kesen Bakana olay\u0131n savc\u0131l\u0131kta oldu\u011funu s\u00f6yleyen \u00d6zer, \u201cKe\u015fke b\u00fcrokratlar\u0131n\u0131za sahip \u00e7\u0131ksayd\u0131n\u0131z Say\u0131n Bakan\u201d dedi.<\/p>\n\n\n\n<p>B\u00fct\u00e7e g\u00f6r\u00fc\u015fmelerinin devam etti\u011fi TBMM Genel Kurulunda \u00f6nceki g\u00fcn de Tar\u0131m ve Orman Bakanl\u0131\u011f\u0131\u2019n\u0131n b\u00fct\u00e7esi g\u00f6r\u00fc\u015f\u00fcld\u00fc. CHP Antalya Milletvekili Ayd\u0131n \u00d6zer, \u00e7ift\u00e7ilerin dertlerini ve s\u0131k\u0131nt\u0131lar\u0131n\u0131 g\u00f6rmezden gelmekle ele\u015ftirdi\u011fi Tar\u0131m ve Orman Bakan\u0131 Bekir Pakdemirli\u2019nin bu y\u0131lki karne notlar\u0131n\u0131 a\u00e7\u0131klad\u0131. \u00d6zer, \u201cAylard\u0131r T\u00fcrkiye\u2019nin d\u00f6rt bir yan\u0131nda \u00e7ift\u00e7ilerimizle g\u00f6r\u00fc\u015f\u00fcyoruz, s\u0131k\u0131nt\u0131lar\u0131n\u0131, dertlerini dinliyoruz, her f\u0131rsatta onlar\u0131n sesine ses olmaya \u00e7al\u0131\u015f\u0131yoruz\u201d diyerek Pakdemirli\u2019nin Bakanl\u0131k yapmaya uygun olmad\u0131\u011f\u0131n\u0131 s\u00f6yledi ve ekledi: \u201cKendisi istifa edemedi\u011fine g\u00f6re g\u00f6revden aff\u0131n\u0131n kabul edilmesi gerekiyor.\u201d<\/p>\n\n\n\n<p><strong>BAKANA 100 \u00dcZER\u0130NDEN 100<\/strong><\/p>\n\n\n\n<p>CHP\u2019li \u00d6zer, Bakan\u0131n karne notlar\u0131n\u0131 da \u015fu \u015fekilde a\u00e7\u0131klad\u0131:<\/p>\n\n\n\n<p>Tar\u0131mdaki sorunlar\u0131 g\u00f6rememek: 100<\/p>\n\n\n\n<p>\u00c7ift\u00e7i maliyetlerini d\u00fc\u015f\u00fcrememek: 100<\/p>\n\n\n\n<p>Maliyetteki art\u0131\u015fa \u00f6nlem bulamamak: 100<\/p>\n\n\n\n<p>Besiciye tam destek olamamak: 100<\/p>\n\n\n\n<p>Tar\u0131msal desteklemede kanuna uymamak: 100<\/p>\n\n\n\n<p>150 bin ki\u015filik te\u015fkilata sahip \u00e7\u0131kamamak: 100<\/p>\n\n\n\n<p>\u201cAyr\u0131ca, size olumlu bir not veren bir kesim var. T\u00fcrk \u00e7ift\u00e7isi de\u011fil, elin g\u00e2vurunun \u00e7ift\u00e7isi, kendisini d\u00fc\u015f\u00fcnd\u00fc\u011f\u00fcn\u00fcz i\u00e7in size 100 \u00fczerinde 100 veriyor Say\u0131n Bakan\u201d diyen \u00d6zer Bakan\u0131n sorumlulu\u011funda olan alanlara dair verileri de \u015f\u00f6yle s\u0131ralad\u0131:<\/p>\n\n\n\n<p>&nbsp;\u201c2021\u2019in ilk sekiz ay\u0131nda \u00fcretimi b\u0131rakan \u00e7ift\u00e7i say\u0131s\u0131 128.620. 2021\u2019de kanunen \u00e7ift\u00e7iye verilmesi gereken destek miktar\u0131 66,5 milyar. 2021\u2019de hakk\u0131 olmas\u0131na kar\u015f\u0131n \u00e7ift\u00e7iye verilmeyen destek miktar\u0131 43,5 milyar. 2021\u2019de ihracat geliri 37,6 milyar, ithalata \u00f6denen para ise 66,2 milyar yani 28,6 milyar eksideyiz. 2021\u2019de \u00e7ift\u00e7inin toplam bor\u00e7 miktar\u0131 200 milyar\u0131 ge\u00e7ti. 2021\u2019in ilk sekiz ay\u0131nda yanan ormanl\u0131k alan 178 bin hektar, 18 y\u0131lda \u00fcretimden \u00e7\u0131kan tar\u0131m alan\u0131 3 milyon 440 bin hektar.\u201d<\/p>\n\n\n\n<p><strong>R\u00dc\u015eVET DOSYASI BAKANI KIZDIRDI<\/strong><\/p>\n\n\n\n<p>CHP\u2019li \u00d6zer, konu\u015fmas\u0131nda ayr\u0131ca bir de r\u00fc\u015fvet dosyas\u0131 a\u00e7t\u0131. \u00d6zer ge\u00e7en aylarda s\u0131\u011f\u0131r ithalat\u0131nda 120 bin dolarl\u0131k r\u00fc\u015fvet al\u0131nd\u0131\u011f\u0131 iddialar\u0131na dair Bakan\u0131n \u201c150 bin ki\u015filik te\u015fkilat\u0131n ba\u015f\u0131nday\u0131m, herkese sahip \u00e7\u0131kamam ama bir \u015fey buldu\u011fum zaman gere\u011fini yapar\u0131m\u201d demesini hat\u0131rlatarak \u201c\u015eimdi, size bir dosya sunaca\u011f\u0131m\u201d dedi.<\/p>\n\n\n\n<p>Bunun \u00fczerine Bakan \u201cNe biliyorsan hemen git, savc\u0131lar orada. \u0130ddian\u0131 ispat etmiyorsan \u015ferefsizsin. Niye bug\u00fcne kadar gitmedin\u201d diye ba\u011f\u0131rd\u0131.<\/p>\n\n\n\n<p>\u00d6zer \u201cSize dosyay\u0131 verece\u011fim\u201d deyince de Bakan bu kez \u201cSavc\u0131lar orada, Niye bug\u00fcne kadar gitmedin\u201d dedi.<\/p>\n\n\n\n<p>Konunun savc\u0131l\u0131kta oldu\u011funa dikkat \u00e7eken CHP\u2019li \u00d6zer, r\u00fc\u015fvet olay\u0131n\u0131 \u015f\u00f6yle anlatt\u0131:<\/p>\n\n\n\n<ul><li>Ankara d\u0131\u015f\u0131ndan bir vatanda\u015f\u0131m\u0131z bize geldi; 40 ya\u015flar\u0131nda, ilkokul mezunu, 3 \u00e7ocuk babas\u0131. Bir b\u00fcrokrat\u0131n\u0131z ve adamlar\u0131 taraf\u0131ndan doland\u0131r\u0131ld\u0131\u011f\u0131n\u0131 s\u00f6yledi.<\/li><li>Bu vatanda\u015f, Ekim 2017\u2019de bir sendika arac\u0131l\u0131\u011f\u0131yla i\u015f ba\u015fvurusunda bulunuyor, Haziran 2018\u2019de i\u015fe ba\u015flat\u0131lmas\u0131 yaz\u0131s\u0131 \u00e7\u0131k\u0131yor. Alt\u0131nda b\u00f6lge m\u00fcd\u00fcr\u00fc, b\u00f6lge m\u00fcd\u00fcr yard\u0131mc\u0131s\u0131 ve personel \u015fube m\u00fcd\u00fcr\u00fcn\u00fcn imzalar\u0131 var. Temmuz 2018\u2019de i\u015fe ba\u015flat\u0131lmas\u0131 talimat\u0131 olmas\u0131na kar\u015f\u0131n, onun yerine ba\u015fka birisi al\u0131n\u0131yor. Sonras\u0131 film gibi. Vatanda\u015fa bir haber gelir: Sizin b\u00fcrokrat 100 bin TL\u2019ye i\u015fi h\u00e2lledermi\u015f. Garantili i\u015f hayali ger\u00e7ek olsun diye vatanda\u015f, bor\u00e7 har\u00e7 paray\u0131 toplar. Bir arkada\u015f\u0131, b\u00fcrokrat\u0131n\u0131z\u0131n g\u00f6nderdi\u011fi bir adama elden 100 bin TL\u2019yi teslim eder ama verilen vaat yine ger\u00e7ek olmaz.<\/li><li>Vatanda\u015f, sonra Orman Genel M\u00fcd\u00fcr\u00fcne olayla ilgili \u015fik\u00e2yette bulunur. \u00dcst\u00fcnk\u00f6r\u00fc tahkikat yap\u0131l\u0131r, sonu\u00e7 \u00e7\u0131kmaz; vatanda\u015f muhakkik i\u00e7in de \u015fik\u00e2yette bulunur ve bu kez s\u00fcreci tefti\u015f kurulu ele al\u0131r. \u201cVatanda\u015f ma\u011fdur edilmi\u015ftir, d\u00fczeltilmesine\u201d diye karar \u00e7\u0131kar ancak hi\u00e7bir \u015fey d\u00fczeltilmez; konu \u015fimdi cumhuriyet ba\u015fsavc\u0131l\u0131\u011f\u0131nda. Daha \u00f6nce soru\u015fturmada verilen takipsizlik karar\u0131n\u0131n bozulmas\u0131 \u00fczerine, vatanda\u015f 18 Ekim 2021\u2019de tekrar ifade verdi. Elbette s\u00fcreci takip edece\u011fiz.<\/li><\/ul>\n\n\n\n<p><strong>\u00c7ABAMIZ AHLAKLI B\u00dcROKRAS\u0130 \u0130\u00c7\u0130N<\/strong><\/p>\n\n\n\n<ul><li>Bu dosyan\u0131n i\u00e7inde vatanda\u015fa verilen antetli k\u00e2\u011f\u0131tta resm\u00ee yaz\u0131\u015fma g\u00f6r\u00fcn\u00fcml\u00fc sahte evraklar, savc\u0131l\u0131\u011fa \u015fik\u00e2yet etmesin diye b\u00fcrokrat\u0131n\u0131z taraf\u0131ndan vatanda\u015fa g\u00f6nderilen 15 bin liral\u0131k senet, tefti\u015f kurulu karar\u0131, savc\u0131l\u0131k ifadeleri falan var. Yani hi\u00e7bir \u015fey bulamasan\u0131z bile mutlaka bir \u015feyler bulaca\u011f\u0131n\u0131za inan\u0131yorum.<\/li><li>Bu arada, konuyla ilgili taraf\u0131n\u0131za 3 Kas\u0131mda bir \u00f6nerge sunmu\u015ftuk. Orman Genel M\u00fcd\u00fcrl\u00fc\u011f\u00fc bize resm\u00ee bir yan\u0131t verece\u011fine, \u00e7\u0131kan haberlere dair bas\u0131na yan\u0131t g\u00f6ndermi\u015f, demi\u015f ki: \u201cBu ki\u015fi yalan s\u00f6yl\u00fcyor.\u201d Vatanda\u015f m\u0131 yalan s\u00f6yl\u00fcyor bilemeyiz ama aile b\u00fct\u00fcnl\u00fc\u011f\u00fc bozulan ki\u015fi, \u00e7ocuklar\u0131 bile kendisiyle dalga ge\u00e7iyorsa bu i\u015fin pe\u015fini b\u0131rakmayacakt\u0131r.<\/li><li>Say\u0131n Bakan, ke\u015fke b\u00fcrokratlar\u0131n\u0131za sahip \u00e7\u0131ksayd\u0131n\u0131z. Bizim arzumuz, ma\u011fdur vatanda\u015f say\u0131s\u0131n\u0131n de\u011fil ahlakl\u0131 b\u00fcrokrat say\u0131s\u0131n\u0131n \u00e7ok olmas\u0131d\u0131r; \u00e7abam\u0131z bu y\u00f6nde olacakt\u0131r.<\/li><\/ul>\n\n\n\n<figure class=\"wp-block-gallery columns-3 is-cropped\"><ul class=\"blocks-gallery-grid\"><li class=\"blocks-gallery-item\"><figure><img loading=\"lazy\" width=\"1024\" height=\"1024\" src=\"https:\/\/chpantalya.com\/wp-content\/uploads\/2021\/12\/foto-1-1024x1024.jpg\" alt=\"\" data-id=\"24115\" data-full-url=\"https:\/\/chpantalya.com\/wp-content\/uploads\/2021\/12\/foto-1-scaled.jpg\" data-link=\"https:\/\/chpantalya.com\/?attachment_id=24115\" class=\"wp-image-24115\" srcset=\"https:\/\/chpantalya.com\/wp-content\/uploads\/2021\/12\/foto-1-1024x1024.jpg 1024w, https:\/\/chpantalya.com\/wp-content\/uploads\/2021\/12\/foto-1-300x300.jpg 300w, https:\/\/chpantalya.com\/wp-content\/uploads\/2021\/12\/foto-1-150x150.jpg 150w, https:\/\/chpantalya.com\/wp-content\/uploads\/2021\/12\/foto-1-419x420.jpg 419w\" sizes=\"(max-width: 1024px) 100vw, 1024px\" \/><\/figure><\/li><li class=\"blocks-gallery-item\"><figure><img loading=\"lazy\" width=\"1024\" height=\"1024\" src=\"https:\/\/chpantalya.com\/wp-content\/uploads\/2021\/12\/foto2-1-1024x1024.jpg\" alt=\"\" data-id=\"24116\" data-full-url=\"https:\/\/chpantalya.com\/wp-content\/uploads\/2021\/12\/foto2-1-scaled.jpg\" data-link=\"https:\/\/chpantalya.com\/?attachment_id=24116\" class=\"wp-image-24116\" srcset=\"https:\/\/chpantalya.com\/wp-content\/uploads\/2021\/12\/foto2-1-1024x1024.jpg 1024w, https:\/\/chpantalya.com\/wp-content\/uploads\/2021\/12\/foto2-1-300x300.jpg 300w, https:\/\/chpantalya.com\/wp-content\/uploads\/2021\/12\/foto2-1-150x150.jpg 150w\" sizes=\"(max-width: 1024px) 100vw, 1024px\" \/><\/figure><\/li><li class=\"blocks-gallery-item\"><figure><img loading=\"lazy\" width=\"368\" height=\"446\" src=\"https:\/\/chpantalya.com\/wp-content\/uploads\/2021\/12\/foto3.jpg\" alt=\"\" data-id=\"24117\" data-full-url=\"https:\/\/chpantalya.com\/wp-content\/uploads\/2021\/12\/foto3.jpg\" data-link=\"https:\/\/chpantalya.com\/?attachment_id=24117\" class=\"wp-image-24117\" srcset=\"https:\/\/chpantalya.com\/wp-content\/uploads\/2021\/12\/foto3.jpg 368w, https:\/\/chpantalya.com\/wp-content\/uploads\/2021\/12\/foto3-347x420.jpg 347w\" sizes=\"(max-width: 368px) 100vw, 368px\" \/><\/figure><\/li><\/ul><\/figure>\n","protected":false},"excerpt":{"rendered":"<p>CHP\u2019li \u00d6zer, Meclis\u2019te devam eden b\u00fct\u00e7e g\u00f6r\u00fc\u015fmelerinde Tar\u0131m ve Orman Bakanl\u0131\u011f\u0131ndaki bir r\u00fc\u015fvet iddias\u0131n\u0131 dile getirdi. Konu\u015fmas\u0131n\u0131 \u201c\u0130spatlamazsan \u015ferefsizsin\u201d diye kesen Bakana olay\u0131n savc\u0131l\u0131kta oldu\u011funu s\u00f6yleyen \u00d6zer, \u201cKe\u015fke b\u00fcrokratlar\u0131n\u0131za sahip \u00e7\u0131ksayd\u0131n\u0131z Say\u0131n Bakan\u201d dedi. B\u00fct\u00e7e g\u00f6r\u00fc\u015fmelerinin devam etti\u011fi TBMM Genel Kurulunda \u00f6nceki g\u00fcn de Tar\u0131m ve Orman Bakanl\u0131\u011f\u0131\u2019n\u0131n b\u00fct\u00e7esi g\u00f6r\u00fc\u015f\u00fcld\u00fc. CHP Antalya Milletvekili Ayd\u0131n \u00d6zer, [&hellip;]<\/p>\n","protected":false},"author":1,"featured_media":24114,"comment_status":"closed","ping_status":"open","sticky":false,"template":"","format":"standard","meta":[],"categories":[60,1,35],"tags":[],"amp_enabled":true,"_links":{"self":[{"href":"https:\/\/chpantalya.com\/index.php?rest_route=\/wp\/v2\/posts\/24113"}],"collection":[{"href":"https:\/\/chpantalya.com\/index.php?rest_route=\/wp\/v2\/posts"}],"about":[{"href":"https:\/\/chpantalya.com\/index.php?rest_route=\/wp\/v2\/types\/post"}],"author":[{"embeddable":true,"href":"https:\/\/chpantalya.com\/index.php?rest_route=\/wp\/v2\/users\/1"}],"replies":[{"embeddable":true,"href":"https:\/\/chpantalya.com\/index.php?rest_route=%2Fwp%2Fv2%2Fcomments&post=24113"}],"version-history":[{"count":0,"href":"https:\/\/chpantalya.com\/index.php?rest_route=\/wp\/v2\/posts\/24113\/revisions"}],"wp:featuredmedia":[{"embeddable":true,"href":"https:\/\/chpantalya.com\/index.php?rest_route=\/wp\/v2\/media\/24114"}],"wp:attachment":[{"href":"https:\/\/chpantalya.com\/index.php?rest_route=%2Fwp%2Fv2%2Fmedia&parent=24113"}],"wp:term":[{"taxonomy":"category","embeddable":true,"href":"https:\/\/chpantalya.com\/index.php?rest_route=%2Fwp%2Fv2%2Fcategories&post=24113"},{"taxonomy":"post_tag","embeddable":true,"href":"https:\/\/chpantalya.com\/index.php?rest_route=%2Fwp%2Fv2%2Ftags&post=24113"}],"curies":[{"name":"wp","href":"https:\/\/api.w.org\/{rel}","templated":true}]}}