{"id":24305,"date":"2021-12-15T17:04:59","date_gmt":"2021-12-15T14:04:59","guid":{"rendered":"http:\/\/chpantalya.com\/?p=24305"},"modified":"2021-12-15T17:10:52","modified_gmt":"2021-12-15T14:10:52","slug":"paramiz-pul-oldu","status":"publish","type":"post","link":"https:\/\/chpantalya.com\/?p=24305","title":{"rendered":"\u201cPARAMIZ PUL OLDU\u201d"},"content":{"rendered":"\n<p><strong>\u201cT\u00dcRK\u0130YE\u2019Y\u0130 B\u0130T PAZARINA \u00c7EV\u0130RD\u0130LER!\u201d<\/strong><\/p>\n\n\n\n<p><\/p>\n\n\n\n<p>CHP Antalya \u0130l Ba\u015fkan\u0131 Nuri Cengiz, TL\u2019nin de\u011fer kayb\u0131 ile birlikte T\u00fcrkiye\u2019nin di\u011fer \u00fclke vatanda\u015flar\u0131 taraf\u0131ndan \u201cUcuzluk pazar\u0131\u201d olarak g\u00f6r\u00fcnd\u00fc\u011f\u00fcn\u00fc ifade etti. Ba\u015fkan Nuri Cengiz, \u201cDevletin itibar\u0131n\u0131 be\u015f paral\u0131k edip T\u00fcrkiye\u2019yi adeta bit pazar\u0131na \u00e7evirdiler\u201d dedi<\/p>\n\n\n\n<p>Y\u0131l\u0131n son g\u00fcnlerinde dolar kurunun 15 TL\u2019nin e\u015fi\u011fine dayanmas\u0131 ile birlikte ekonomideki \u00e7\u00f6k\u00fc\u015f\u00fc de\u011ferlendiren ve AKP\u2019nin politikalar\u0131n\u0131 ele\u015ftiren Cumhuriyet Halk Partisi Antalya \u0130l Ba\u015fkan\u0131 Nuri Cengiz, T\u00fcrk Liras\u0131\u2019n\u0131n h\u0131zla de\u011fer kaybetti\u011fini, sadece son 1 haftada bile market reyonlar\u0131ndaki bir\u00e7ok \u00fcr\u00fcn\u00fcn fiyat\u0131 neredeyse y\u00fczde 50-100 aras\u0131nda art\u0131\u015f g\u00f6sterdi\u011fini ve kom\u015fu \u00fclkelerden vatanda\u015flar\u0131n \u201cucuz\u201d diye T\u00fcrkiye\u2019ye al\u0131\u015fveri\u015fe geldiklerini ifade etti. Ba\u015fkan Nuri Cengiz\u2019in bas\u0131nla ve kamuoyuyla payla\u015ft\u0131\u011f\u0131 yaz\u0131l\u0131 a\u00e7\u0131klamas\u0131n\u0131n tamam\u0131nda \u015fu ifadelere yer verildi;<\/p>\n\n\n\n<p>\u201c\u0130stifa edip kay\u0131plara kar\u0131\u015fan eski Ekonomi ve Maliye Bakan\u0131 Damat Berat Albayrak, bir televizyon program\u0131nda kendisine sorulan; &#8220;Dolar y\u00fckselince endi\u015felenmeli miyiz? sorusuna, &#8221;Dolarla m\u0131 maa\u015f al\u0131yorsunuz? Dolarla bir i\u015fimiz yok\u201d diye yan\u0131t vermi\u015fti. 2 y\u0131l boyunca T\u00fcrkiye ekonomisini b\u00f6yle bir \u015fahs\u0131n y\u00f6netmi\u015f olmas\u0131, \u015fu anki d\u00f6viz kurunun gerek\u00e7elerini de bir nevi a\u00e7\u0131klar nitelikte!<\/p>\n\n\n\n<p>Kimsenin derdi, para birimi olan \u2018Dolar\u2019 ile de\u011fildi zaten. Bizleri endi\u015felendiren, dolar\u0131n y\u00fckseli\u015fi de\u011fil; TL\u2019nin de\u011fer kaybetmesiydi! Ne demi\u015fti Cumhurba\u015fkan\u0131 Erdo\u011fan; \u2018Para, bayrak gibi ba\u011f\u0131ms\u0131zl\u0131\u011f\u0131 ve g\u00fcc\u00fc simgeler. Paran\u0131n itibar\u0131, milletin itibar\u0131d\u0131r\u2019<\/p>\n\n\n\n<p><strong>\u201cD\u00dcNYANIN UCUZCU D\u00dcKKANI HAL\u0130NE GELD\u0130K\u201d<\/strong><\/p>\n\n\n\n<p>\u201cSaymakla bitmez yolsuzluklarla, usuls\u00fczl\u00fcklerle, mafyatik ili\u015fkilerle i\u00e7 politikada; hukuksuzlukla, sald\u0131rganl\u0131k ve i\u015f bilmezlikle d\u0131\u015f politikada devletin itibar\u0131n\u0131 be\u015f paral\u0131k eden AKP iktidar\u0131, gelinen son noktada T\u00fcrkiye\u2019yi adeta B\u0130T PAZARINA \u00e7evirmi\u015ftir!<\/p>\n\n\n\n<p>Ne yaz\u0131k ki resmen d\u00fcnyan\u0131n \u2018Ucuzcu D\u00fckkan\u0131\u2019 haline geldik!<\/p>\n\n\n\n<p>T\u00fcrkiye\u2019de ya\u015fay\u0131p; YANDA\u015eLARDAN OLMAYAN, 3-5 AYRI YERDEN MAA\u015e ALMAYAN herkes i\u00e7in marketlerde, ma\u011fazalarda fiyatlar el yakmaktayken; Bulgaristan\u2019dan, Azerbaycan\u2019dan, G\u00fcrcistan\u2019dan insanlar, ucuz diye T\u00fcrkiye\u2019ye al\u0131\u015fveri\u015f yapmaya geliyorlar!<\/p>\n\n\n\n<p>Bu \u00fclkenin vatanda\u015flar\u0131, standart ihtiya\u00e7lar\u0131ndan bile feragat etmek zorunda kalm\u0131\u015f halde; sofras\u0131na et koyam\u0131yor, \u00e7ocu\u011funa muz yediremiyor, s\u00fct i\u00e7iremiyorken; AKP giderayak kamu kurumlar\u0131n\u0131 \u00f6zelle\u015ftirmeye, kamuya ait arazileri parsel parsel satmaya ve yanda\u015flar\u0131n cebini doldurmaya devam ediyor!\u201d<\/p>\n\n\n\n<p><strong>\u201cYALNIZ PARAMIZ DE\u011e\u0130L B\u00dcT\u00dcN K\u0130ML\u0130\u011e\u0130M\u0130Z DE\u011eERS\u0130ZLE\u015e\u0130YOR\u201d<\/strong><\/p>\n\n\n\n<p>\u201cT\u00fcrkiye\u2019de \u00f6zellikle yaz aylar\u0131ndan bu yana neredeyse her \u015feyin de\u011feri katlanarak artm\u0131\u015fken; insan\u0131n, insan g\u00fcc\u00fcn\u00fcn, eme\u011fin ve al\u0131n terinin de\u011feri ayn\u0131 oranda azald\u0131!<\/p>\n\n\n\n<p>Bug\u00fcn T\u00fcrkiye\u2019de asgari \u00fccretle bir ma\u011fazada sat\u0131\u015f dan\u0131\u015fman\u0131 olarak \u00e7al\u0131\u015fan vatanda\u015f, 1 ayl\u0131k maa\u015f\u0131yla bir otomobilin benzin deposunu 6. kez dolduramazken; ayn\u0131 i\u015fi Almanya\u2019da asgari \u00fccretle yapan bir vatanda\u015f, 1 ayl\u0131k maa\u015f\u0131yla 2008 model bir otomobil sat\u0131n alabilmekte!<\/p>\n\n\n\n<p>Almanya\u2019daki kasiyer, Fransa\u2019daki garson, \u0130ngiltere\u2019deki temizlik g\u00f6revlisi; T\u00fcrkiye\u2019de ayn\u0131 i\u015fi yapan insanlardan daha m\u0131 de\u011ferlidir? T\u00fcm sosyal haklara, insani ya\u015fam ve \u00e7al\u0131\u015fma ko\u015fullar\u0131na sahip Avrupal\u0131 \u00e7al\u0131\u015fan\u0131n i\u015fi; ba\u015fka \u00e7aresi olmad\u0131\u011f\u0131 i\u00e7in sorumlulu\u011funu a\u015fan i\u015fler yapmak zorunda kalan bu \u00fclkenin asgari \u00fccretli \u00e7al\u0131\u015fanlar\u0131n\u0131n yapt\u0131\u011f\u0131 i\u015ften daha m\u0131 de\u011ferli?<\/p>\n\n\n\n<p>G\u00f6r\u00fcld\u00fc\u011f\u00fc \u00fczere bug\u00fcn \u00fclkemizi AKP\u2019nin s\u00fcr\u00fckledi\u011fi yerde de\u011fersizle\u015fen \u015fey yaln\u0131z param\u0131z de\u011fil; b\u00fct\u00fcn kimli\u011fimizdir!\u201c<\/p>\n\n\n\n<p><strong>\u201c\u00c7\u00d6K\u00dc\u015e\u00dcN SON BULMASI \u0130\u00c7\u0130N SE\u00c7\u0130M \u015eART\u201d<\/strong><\/p>\n\n\n\n<p>Eksik ve yanl\u0131\u015f olan; AKP iktidar\u0131n\u0131n t\u00fcm uyar\u0131lara ra\u011fmen \u0131srarla ve inatla s\u00fcrd\u00fcrd\u00fc\u011f\u00fc ekonomik, sosyolojik, siyasi politikalard\u0131r!<\/p>\n\n\n\n<p>B\u0131rak\u0131n bu politikalar\u0131n yanl\u0131\u015fl\u0131\u011f\u0131n\u0131 kabul edip yanl\u0131\u015flardan d\u00f6nmeyi; yak\u0131n\u0131ndakilerin tavsiyelerine dahi kulak vermeyen bir kibirle SARAYDAN \u00fclke y\u00f6netmeye \u00e7al\u0131\u015fan TEK ADAM ve \u015f\u00fcrekas\u0131nda, tam da bu kibir y\u00fcz\u00fcnden; ekonomiyi, devlet idaresini, toplumun ihtiya\u00e7lar\u0131n\u0131 ve beklentilerini bilen liyakat sahibi kimse kalmad\u0131! &nbsp;<\/p>\n\n\n\n<p>Erdo\u011fan\u2019\u0131n a\u011fz\u0131ndan \u00e7\u0131kan her beyan ile birlikte d\u00f6viz kuru y\u00fckselmekte; TEK ADAMLI SARAY \u0130KT\u0130DARI varl\u0131\u011f\u0131n\u0131 s\u00fcrd\u00fcrd\u00fc\u011f\u00fc her g\u00fcn \u00fclkemize zarar vermektedir!<\/p>\n\n\n\n<p>\u0130nsanca de\u011fer g\u00f6r\u00fcp ya\u015famak, en \u00e7ok bu \u00fclkenin insanlar\u0131n\u0131n hakk\u0131d\u0131r! Sosyal, demokratik, daha \u00f6zg\u00fcrl\u00fck\u00e7\u00fc, hukukun \u00fcst\u00fcnl\u00fc\u011f\u00fcn\u00fc kabul eden ve uygulayan, ak\u0131l ve bilimi rehber edinen bir T\u00fcrkiye Cumhuriyeti\u2019ni hep birlikte in\u015fa etti\u011fimizde; ba\u015fta bu \u00fclkenin insanlar\u0131 olarak kendi kimli\u011fimizin, daha sonra eme\u011fimizin ve al\u0131n terimizin k\u0131ymetini bilecek, mahrum b\u0131rak\u0131ld\u0131\u011f\u0131m\u0131z her \u015feyi geri alaca\u011f\u0131z!<\/p>\n\n\n\n<p>Bu \u00e7\u00f6k\u00fc\u015f\u00fcn bir an \u00f6nce son bulmas\u0131 i\u00e7in gereken tek \u015fey de\u011fi\u015fim, dolay\u0131s\u0131yla se\u00e7im!<\/p>\n","protected":false},"excerpt":{"rendered":"<p>\u201cT\u00dcRK\u0130YE\u2019Y\u0130 B\u0130T PAZARINA \u00c7EV\u0130RD\u0130LER!\u201d CHP Antalya \u0130l Ba\u015fkan\u0131 Nuri Cengiz, TL\u2019nin de\u011fer kayb\u0131 ile birlikte T\u00fcrkiye\u2019nin di\u011fer \u00fclke vatanda\u015flar\u0131 taraf\u0131ndan \u201cUcuzluk pazar\u0131\u201d olarak g\u00f6r\u00fcnd\u00fc\u011f\u00fcn\u00fc ifade etti. Ba\u015fkan Nuri Cengiz, \u201cDevletin itibar\u0131n\u0131 be\u015f paral\u0131k edip T\u00fcrkiye\u2019yi adeta bit pazar\u0131na \u00e7evirdiler\u201d dedi Y\u0131l\u0131n son g\u00fcnlerinde dolar kurunun 15 TL\u2019nin e\u015fi\u011fine dayanmas\u0131 ile birlikte ekonomideki \u00e7\u00f6k\u00fc\u015f\u00fc de\u011ferlendiren ve [&hellip;]<\/p>\n","protected":false},"author":1,"featured_media":24310,"comment_status":"closed","ping_status":"open","sticky":false,"template":"","format":"standard","meta":[],"categories":[58],"tags":[],"amp_enabled":true,"_links":{"self":[{"href":"https:\/\/chpantalya.com\/index.php?rest_route=\/wp\/v2\/posts\/24305"}],"collection":[{"href":"https:\/\/chpantalya.com\/index.php?rest_route=\/wp\/v2\/posts"}],"about":[{"href":"https:\/\/chpantalya.com\/index.php?rest_route=\/wp\/v2\/types\/post"}],"author":[{"embeddable":true,"href":"https:\/\/chpantalya.com\/index.php?rest_route=\/wp\/v2\/users\/1"}],"replies":[{"embeddable":true,"href":"https:\/\/chpantalya.com\/index.php?rest_route=%2Fwp%2Fv2%2Fcomments&post=24305"}],"version-history":[{"count":0,"href":"https:\/\/chpantalya.com\/index.php?rest_route=\/wp\/v2\/posts\/24305\/revisions"}],"wp:featuredmedia":[{"embeddable":true,"href":"https:\/\/chpantalya.com\/index.php?rest_route=\/wp\/v2\/media\/24310"}],"wp:attachment":[{"href":"https:\/\/chpantalya.com\/index.php?rest_route=%2Fwp%2Fv2%2Fmedia&parent=24305"}],"wp:term":[{"taxonomy":"category","embeddable":true,"href":"https:\/\/chpantalya.com\/index.php?rest_route=%2Fwp%2Fv2%2Fcategories&post=24305"},{"taxonomy":"post_tag","embeddable":true,"href":"https:\/\/chpantalya.com\/index.php?rest_route=%2Fwp%2Fv2%2Ftags&post=24305"}],"curies":[{"name":"wp","href":"https:\/\/api.w.org\/{rel}","templated":true}]}}