{"id":24453,"date":"2022-01-12T09:50:31","date_gmt":"2022-01-12T06:50:31","guid":{"rendered":"http:\/\/chpantalya.com\/?p=24453"},"modified":"2022-01-12T09:50:33","modified_gmt":"2022-01-12T06:50:33","slug":"bakan-ya-kandiriliyor-ya-da-bilgisiz","status":"publish","type":"post","link":"https:\/\/chpantalya.com\/?p=24453","title":{"rendered":"\u201cBAKAN YA KANDIRILIYOR YA DA B\u0130LG\u0130S\u0130Z\u201d"},"content":{"rendered":"\n<p><\/p>\n\n\n\n<p>CHP Antalya Milletvekili Cavit Ar\u0131\u2019dan Ula\u015ft\u0131rma ve Altyap\u0131 Bakan\u0131 Adil Karaismailo\u011flu\u2019na sert cevap.<\/p>\n\n\n\n<p>TBMM Plan ve B\u00fct\u00e7e Komisyonu \u00fcyesi CHP Antalya Milletvekili Av.Cavit Ar\u0131, Ula\u015ft\u0131rma ve Altyap\u0131 Bakan\u0131 Adil Karaismailo\u011flu\u2019nun sosyal medya hesab\u0131ndan payla\u015ft\u0131\u011f\u0131 g\u00f6rselde yer alan 2003-2022 y\u0131llar\u0131 aras\u0131nda Antalya\u2019ya kazand\u0131r\u0131lan ve devam eden hizmetler i\u00e7eri\u011findeki bilgilerin \u00e7o\u011funlu\u011fu ger\u00e7e\u011fi yans\u0131tmamaktad\u0131r, verilen bilgiler \u00e7o\u011funlukla do\u011fru de\u011fildir, Bakan bu konularda ya kand\u0131r\u0131l\u0131yor ya da bilgisiz diyerek tepki g\u00f6sterdi.<\/p>\n\n\n\n<p>\u201cGazipa\u015fa Yat Liman\u0131 6-7 y\u0131l \u00f6nce \u00f6zelle\u015ftirilmi\u015f. Yat liman\u0131nda hi\u00e7bir faaliyet yok. Y\u0131llard\u0131r ayn\u0131 \u015fekilde bekliyor.<\/p>\n\n\n\n<p>Demre yat Liman\u0131\u2019na 2013\u2019ten bu yana \u00e7ivi \u00e7ak\u0131lmad\u0131. Mendirek var ama \u00fcst yap\u0131 yok.<\/p>\n\n\n\n<p>Antalya Havaalan\u0131 1985 y\u0131l\u0131nda uluslararas\u0131 trafi\u011fe a\u00e7\u0131ld\u0131. \u015eimdi Yap-\u0130\u015flet-Devret\u2019ten bahsedilmekte. Evet daha kira s\u00fcresinin bitimine 5 y\u0131l varken 20 y\u0131l daha yang\u0131ndan mal ka\u00e7\u0131r\u0131r gibi ihaleye verildi.<\/p>\n\n\n\n<p>Korkuteli-Bozova-K\u0131z\u0131lkaya mevcut yolun k\u00fc\u00e7\u00fck bir k\u0131sm\u0131 yeniden asfaltland\u0131. Her se\u00e7imin malzemesi. Ortada esasl\u0131 bir \u015fey yok. AKP \u0130l\u00e7e Ba\u015fkan\u0131nda sorsa ger\u00e7e\u011fi s\u00f6ylerdi.<\/p>\n\n\n\n<p>Korkuteli-Elmal\u0131 Yolu yar\u0131m kald\u0131. Ya para bitti ya da siyaset girdi, bitmedi.<\/p>\n\n\n\n<p>Bakan 21,473 metre t\u00fcnelden bahsediyor. Nerelermi\u015f tek tek say\u0131ls\u0131n. Ancak a\u00e7\u0131klamada t\u00fcnel uzunlu\u011funu 0\u2019dan 21,473 metreye \u00e7\u0131kard\u0131k denilmi\u015ftir. \u0130ki tane karayolu \u015fehidine sayg\u0131s\u0131zl\u0131k yap\u0131lm\u0131\u015ft\u0131r. Kemer yolunda Akyarlar T\u00fcneli 340 metredir. 1974\u2019te hizmete girmi\u015ftir. Yap\u0131m\u0131nda iki i\u015f\u00e7i \u015fehit olmu\u015ftur. Cenazeleri t\u00fcnelin giri\u015findedir. Kemer yolunda \u00c7amda\u011f T\u00fcneli 140 metre, 1974 y\u0131l\u0131nda bitmi\u015ftir.\u201d<\/p>\n\n\n\n<p>diyen Milletvekili Cavit Ar\u0131, \u201cSay\u0131n Bakan, Genel Ba\u015fkan\u0131m\u0131za laf yeti\u015ftirece\u011fim diye u\u011fra\u015faca\u011f\u0131na yapt\u0131\u011f\u0131n a\u00e7\u0131klamalar do\u011fru mu \u015f\u00f6yle bir bak.\u201d dedi.<\/p>\n\n\n\n<p>CHP Antalya Milletvekili Cavit Ar\u0131 s\u00f6zlerini \u201cBakan ya bilgisiz ya da kand\u0131r\u0131lm\u0131\u015f durumda. Bilgisiz ise dersine iyi \u00e7al\u0131\u015fs\u0131n, ondan sonra bu a\u00e7\u0131klamalar\u0131 yaps\u0131n. Kand\u0131r\u0131lm\u0131\u015f ise bu yanl\u0131\u015f bilgileri verip kendini kand\u0131ran idarecileri derhal g\u00f6revden als\u0131n. Antalya\u2019n\u0131n birikimlerini, ge\u00e7mi\u015fte yap\u0131lm\u0131\u015f olan hizmetleri kimsenin inkar etmeye hakk\u0131 yoktur.\u201d diyerek tamamd\u0131.<\/p>\n","protected":false},"excerpt":{"rendered":"<p>CHP Antalya Milletvekili Cavit Ar\u0131\u2019dan Ula\u015ft\u0131rma ve Altyap\u0131 Bakan\u0131 Adil Karaismailo\u011flu\u2019na sert cevap. TBMM Plan ve B\u00fct\u00e7e Komisyonu \u00fcyesi CHP Antalya Milletvekili Av.Cavit Ar\u0131, Ula\u015ft\u0131rma ve Altyap\u0131 Bakan\u0131 Adil Karaismailo\u011flu\u2019nun sosyal medya hesab\u0131ndan payla\u015ft\u0131\u011f\u0131 g\u00f6rselde yer alan 2003-2022 y\u0131llar\u0131 aras\u0131nda Antalya\u2019ya kazand\u0131r\u0131lan ve devam eden hizmetler i\u00e7eri\u011findeki bilgilerin \u00e7o\u011funlu\u011fu ger\u00e7e\u011fi yans\u0131tmamaktad\u0131r, verilen bilgiler \u00e7o\u011funlukla do\u011fru [&hellip;]<\/p>\n","protected":false},"author":1,"featured_media":18324,"comment_status":"closed","ping_status":"open","sticky":false,"template":"","format":"standard","meta":[],"categories":[63,35],"tags":[],"amp_enabled":true,"_links":{"self":[{"href":"https:\/\/chpantalya.com\/index.php?rest_route=\/wp\/v2\/posts\/24453"}],"collection":[{"href":"https:\/\/chpantalya.com\/index.php?rest_route=\/wp\/v2\/posts"}],"about":[{"href":"https:\/\/chpantalya.com\/index.php?rest_route=\/wp\/v2\/types\/post"}],"author":[{"embeddable":true,"href":"https:\/\/chpantalya.com\/index.php?rest_route=\/wp\/v2\/users\/1"}],"replies":[{"embeddable":true,"href":"https:\/\/chpantalya.com\/index.php?rest_route=%2Fwp%2Fv2%2Fcomments&post=24453"}],"version-history":[{"count":0,"href":"https:\/\/chpantalya.com\/index.php?rest_route=\/wp\/v2\/posts\/24453\/revisions"}],"wp:featuredmedia":[{"embeddable":true,"href":"https:\/\/chpantalya.com\/index.php?rest_route=\/wp\/v2\/media\/18324"}],"wp:attachment":[{"href":"https:\/\/chpantalya.com\/index.php?rest_route=%2Fwp%2Fv2%2Fmedia&parent=24453"}],"wp:term":[{"taxonomy":"category","embeddable":true,"href":"https:\/\/chpantalya.com\/index.php?rest_route=%2Fwp%2Fv2%2Fcategories&post=24453"},{"taxonomy":"post_tag","embeddable":true,"href":"https:\/\/chpantalya.com\/index.php?rest_route=%2Fwp%2Fv2%2Ftags&post=24453"}],"curies":[{"name":"wp","href":"https:\/\/api.w.org\/{rel}","templated":true}]}}