{"id":24471,"date":"2022-01-13T11:13:05","date_gmt":"2022-01-13T08:13:05","guid":{"rendered":"http:\/\/chpantalya.com\/?p=24471"},"modified":"2022-01-13T11:13:07","modified_gmt":"2022-01-13T08:13:07","slug":"belediyelere-destek-verilmeli","status":"publish","type":"post","link":"https:\/\/chpantalya.com\/?p=24471","title":{"rendered":"\u201cBELED\u0130YELERE DESTEK VER\u0130LMEL\u0130\u201d"},"content":{"rendered":"\n<p>En d\u00fc\u015f\u00fck emekli maa\u015f\u0131n\u0131n 2.500 TL\u2019ye \u00e7\u0131kart\u0131lmas\u0131 ile do\u011falgaz\u2019da kademeli tarifeye ge\u00e7i\u015fi de i\u00e7eren 18 maddelik torba yasa teklifinin g\u00f6r\u00fc\u015fmelerine TBMM Genel Kurulunda ba\u015fland\u0131. CHP Grubu ad\u0131na kanun teklifinin t\u00fcm\u00fc \u00fczerine TBMM Plan ve B\u00fct\u00e7e Komisyonu \u00fcyesi Antalya Milletvekili Av.Cavit ARI konu\u015ftu.<\/p>\n\n\n\n<p>Konu\u015fmas\u0131na, \u201cBu torba yasa teklifiyle getirilmeye \u00e7al\u0131\u015f\u0131lan d\u00fczenlemelere \u015f\u00f6yle bir bakt\u0131\u011f\u0131m\u0131zda, buradaki ihtiya\u00e7lar\u0131n hepsinin AKP&#8217;nin bug\u00fcn \u00fclkeyi getirmi\u015f oldu\u011fu \u00e7\u0131kmazdan dolay\u0131 getirildi\u011fini a\u00e7\u0131k\u00e7a g\u00f6rmekteyiz.\u201d diyerek ba\u015flayan Antalya Milletvekili Ar\u0131, \u201cOrtada AKP&#8217;nin ekonomideki ba\u015far\u0131s\u0131zl\u0131\u011f\u0131 bulunmakta. Ekonomik anlamda \u00fclkeyi getirdi\u011finiz \u00e7\u0131kmaza b\u00f6l\u00fcm b\u00f6l\u00fcm \u00e7are aramaya \u00e7al\u0131\u015fmaktas\u0131n\u0131z. Ancak ne yaz\u0131kt\u0131r ki art\u0131k, \u00fclkede birden fazla delik var ve bu delikler her ge\u00e7en g\u00fcn artmakta. Yani gemiyi su ald\u0131, siz ne yapars\u0131n\u0131z yap\u0131n art\u0131k sizin yapm\u0131\u015f olduklar\u0131n\u0131z, sizi i\u00e7inde bulundu\u011funuz \u00e7\u0131kmazdan kurtarmaya yetmeyecek. Birini kapatmaya \u00e7al\u0131\u015fsan\u0131z bir ba\u015fka yerden yeni bir delik ortaya \u00e7\u0131kmakta. Art\u0131k tek \u00e7are kald\u0131, iktidardan gitmeniz; \u00fclke ba\u015fka t\u00fcrl\u00fc rahatlamayacak, ekonomi d\u00fczelmeyecek, huzur gelmeyecek \u00e7\u00fcnk\u00fc siz \u00fclkede g\u00fcven b\u0131rakmad\u0131n\u0131z \u00e7\u00fcnk\u00fc size bu \u00fclkede g\u00fcven kalmad\u0131, ekonomiyi bat\u0131rd\u0131n\u0131z.\u201d dedi.<\/p>\n\n\n\n<p>Torba yasa teklifinin 11.maddesi T\u00fcrk liras\u0131 ile yap\u0131lan kamu ihalelerine fiyat fark\u0131 verilmesi ve isteyen m\u00fcteahhitlere i\u015flerini devredebilmenin \u00f6n\u00fcn\u00fc a\u00e7maktad\u0131r diyen CHP Antalya Milletvekili Cavit Ar\u0131, \u201cKamu m\u00fcteahhitlerine fiyat fark\u0131 uygularken belediyelerin durumunu da dikkate almak zorunday\u0131z. Getirilmeye \u00e7al\u0131\u015fan bu d\u00fczenleme belediyeleri bu kamu ihaleleri nedeniyle fiyat fark\u0131 \u00f6demek zorunda b\u0131rakacakt\u0131r. O nedenle, belediyelerin normal b\u00fct\u00e7esinin d\u0131\u015f\u0131nda ani geli\u015fen bu kararla birlikte e\u011fer ek \u00fccret \u00f6demek zorunda kalacak ise belediyelere ve \u00f6zel idarelere de bu anlamda bir destek verilmesi gerekir, aksi h\u00e2lde, belediyeler ger\u00e7ekten b\u00fcy\u00fck s\u0131k\u0131nt\u0131 i\u00e7erisine d\u00fc\u015fecektir.\u201d dedi.<\/p>\n\n\n\n<p>Bu maddede bahsi ge\u00e7en kesim m\u00fcteahhitler diyen Milletvekili Cavit Ar\u0131, \u201cSadece bu a\u00e7\u0131dan bakt\u0131\u011f\u0131m\u0131zda tabii, &#8220;Ya, m\u00fcteahhittir karde\u015fim, sonucuna katlans\u0131n.&#8221; diyebilirsiniz, denebilir ama \u015fimdi, \u015fu pencereden bakal\u0131m: siz m\u00fcteahhitleri dahi bu duruma d\u00fc\u015f\u00fcrd\u00fcn\u00fcz; bug\u00fcn &#8220;Bu \u00fclkede bolca para kazan\u0131yor.&#8221; diye de\u011ferlendiren belli bir kesimi dahi bu \u015fekilde desteklenmek zorunda b\u0131rakt\u0131n\u0131z. M\u00fcteahhitler de bir anlamda iflas\u0131n e\u015fi\u011fine gelmi\u015f durumda. M\u00fcteahhitler bu s\u00fcre\u00e7te destek yan\u0131nda ayr\u0131ca ba\u015fka talepleri de var, bunlar\u0131n en ba\u015f\u0131nda da yine tasfiye konusunda da taleplerinin kabul edilmesi. Bilindi\u011fi \u00fczere 2019 y\u0131l\u0131nda da benzer bir d\u00fczenleme getirilmi\u015fti. Bu d\u00fczenlemede tasfiye imk\u00e2n\u0131 da vard\u0131, kald\u0131 ki o tarihte pandemi dahi yoktu ve o g\u00fcnk\u00fc ekonomik ko\u015fullar i\u00e7erisinde sizin k\u00f6t\u00fc y\u00f6netiminiz nedeniyle ya\u015fanan ekonomik s\u0131k\u0131nt\u0131lar nedeniyle b\u00f6yle bir d\u00f6nem ya\u015fanm\u0131\u015ft\u0131. O d\u00f6nemde dahi siz, m\u00fcteahhitlere bir tasfiye imk\u00e2n\u0131 sa\u011flam\u0131\u015ft\u0131n\u0131z. \u015eimdi, m\u00fcteahhitlerin de yine b\u00f6yle bir beklentisi var.\u201d a\u00e7\u0131klamas\u0131nda bulundu.<\/p>\n\n\n\n<p>Vatanda\u015f ekonomik olarak ger\u00e7ekten can \u00e7eki\u015fiyor. Her \u015fey pahal\u0131; art\u0131k bug\u00fcn benzin, mazot 14 TL&#8217;ye yakla\u015ft\u0131, vatanda\u015f markete girmekten korkar h\u00e2le geldi. Daha yak\u0131n tarihe kadar 100 TL&#8217;lik benzin alsa ara\u00e7lar\u0131n g\u00f6stergesi hemen harekete ge\u00e7erdi. \u015eimdi, 100 TL&#8217;lik benzin alsa o arac\u0131n g\u00f6stergesi 100 TL&#8217;lik benzini muhatap dahi kabul etmiyor, 100 TL&#8217;lik benzini o arac\u0131n g\u00f6stergesi yok say\u0131yor. \u0130\u015fte, b\u00f6yle bir d\u00f6nemi ya\u015f\u0131yoruz diyen Cavit Ar\u0131, konu\u015fmas\u0131na \u201c\u00c7ift\u00e7i zaten peri\u015fan durumda. \u00c7ift\u00e7i bak\u0131n, sayenizde tohum alamaz duruma geldi. Tohum alsa ekim yapamaz duruma geldi. Ekim yapsa g\u00fcbre atamaz duruma geldi. Atsa da tarlas\u0131n\u0131 s\u00fcremez duruma geldi. K\u0131sacas\u0131 \u00e7ift\u00e7iyi de peri\u015fan ettiniz. Bak\u0131n, bir emekli vatanda\u015f\u0131m\u0131z\u0131n biraz \u00f6nce g\u00f6nderdi\u011fi bir mesaj\u0131 sizlerle payla\u015fay\u0131m. &#8220;Devlet memuru iken il\u00e7emdeki 2 armut bah\u00e7emde daha iyi \u00fcretim yapar\u0131m diye emekli oldum.&#8221; diyor. Ancak hayat\u0131n ger\u00e7ekleriyle orada kar\u015f\u0131la\u015fm\u0131\u015f ve &#8220;Ge\u00e7en y\u0131l bah\u00e7enin birisinin a\u011fa\u00e7lar\u0131n\u0131 s\u00f6kt\u00fcm. E\u011fer b\u00f6yle giderse ikinci bah\u00e7eyi de s\u00f6kmek zorunda kalaca\u011f\u0131m. Bir m\u00fcddet sonra da satmak zorunda kalaca\u011f\u0131m ve bug\u00fcn ben 3,5 TL&#8217;ye mal etti\u011fim bir meyvemi 1 TL&#8217;ye -onu da al\u0131c\u0131 bulabilirsem- ancak satabilirim, satabilecek durumday\u0131m.&#8221; diyor diye devem etti.<\/p>\n\n\n\n<p>Milletvekili Cavit Ar\u0131, \u201cTabii, bu arada bir eli ya\u011fda bir eli balda olan m\u00fcteahhitleriniz de var sizlerin o kamu-\u00f6zel i\u015f birlikleriyle keyifleri yerinde olan, dolar\u0131n her g\u00fcn artmas\u0131yla kazanc\u0131na kazan\u00e7 katan m\u00fcteahhitleriniz de var ama bak\u0131n, Anadolu&#8217;da hayat m\u00fccadelesi verenler de var yani \u015fimdi, her m\u00fcteahhidi de rant\u00e7\u0131 sayamay\u0131z. Onlar diyor ki, bak\u0131n, onlar diyor ki: &#8220;Yak\u0131n tarihe kadar in\u015faat demirinin tonu 3 bin TL&#8217;ydi.&#8221; diyor. Bug\u00fcnse aradan daha alt\u0131 ay ge\u00e7meden 13 bin TL&#8217;ye \u00e7\u0131km\u0131\u015f yani alt\u0131 ay i\u00e7erisinde 4 kattan fazla art\u0131rm\u0131\u015fs\u0131n\u0131z arkada\u015flar. Bak\u0131n, bu sizin h\u00fcneriniz. Yani demir alt\u0131 ay bile ge\u00e7meden 3 bin liradan 13 bin liraya \u00e7\u0131km\u0131\u015f. \u00c7imento 120 TL&#8217;den 5 kat artm\u0131\u015f, 600 TL&#8217;ye \u00e7\u0131km\u0131\u015f; bu da sizin h\u00fcneriniz. Di\u011fer in\u015faat malzemeleri de yine y\u00fczde 100&#8217;den y\u00fczde 150&#8217;ye kadar \u00e7\u0131km\u0131\u015f durumda. \u0130\u015fte, m\u00fcteahhitlerin ya\u015fad\u0131\u011f\u0131 bu s\u0131k\u0131nt\u0131n\u0131n tek sebeplisi de sizsiniz yani AKP iktidar\u0131d\u0131r.\u201d dedi.<\/p>\n","protected":false},"excerpt":{"rendered":"<p>En d\u00fc\u015f\u00fck emekli maa\u015f\u0131n\u0131n 2.500 TL\u2019ye \u00e7\u0131kart\u0131lmas\u0131 ile do\u011falgaz\u2019da kademeli tarifeye ge\u00e7i\u015fi de i\u00e7eren 18 maddelik torba yasa teklifinin g\u00f6r\u00fc\u015fmelerine TBMM Genel Kurulunda ba\u015fland\u0131. CHP Grubu ad\u0131na kanun teklifinin t\u00fcm\u00fc \u00fczerine TBMM Plan ve B\u00fct\u00e7e Komisyonu \u00fcyesi Antalya Milletvekili Av.Cavit ARI konu\u015ftu. Konu\u015fmas\u0131na, \u201cBu torba yasa teklifiyle getirilmeye \u00e7al\u0131\u015f\u0131lan d\u00fczenlemelere \u015f\u00f6yle bir bakt\u0131\u011f\u0131m\u0131zda, buradaki ihtiya\u00e7lar\u0131n [&hellip;]<\/p>\n","protected":false},"author":1,"featured_media":23500,"comment_status":"closed","ping_status":"open","sticky":false,"template":"","format":"standard","meta":[],"categories":[63,35],"tags":[],"amp_enabled":true,"_links":{"self":[{"href":"https:\/\/chpantalya.com\/index.php?rest_route=\/wp\/v2\/posts\/24471"}],"collection":[{"href":"https:\/\/chpantalya.com\/index.php?rest_route=\/wp\/v2\/posts"}],"about":[{"href":"https:\/\/chpantalya.com\/index.php?rest_route=\/wp\/v2\/types\/post"}],"author":[{"embeddable":true,"href":"https:\/\/chpantalya.com\/index.php?rest_route=\/wp\/v2\/users\/1"}],"replies":[{"embeddable":true,"href":"https:\/\/chpantalya.com\/index.php?rest_route=%2Fwp%2Fv2%2Fcomments&post=24471"}],"version-history":[{"count":0,"href":"https:\/\/chpantalya.com\/index.php?rest_route=\/wp\/v2\/posts\/24471\/revisions"}],"wp:featuredmedia":[{"embeddable":true,"href":"https:\/\/chpantalya.com\/index.php?rest_route=\/wp\/v2\/media\/23500"}],"wp:attachment":[{"href":"https:\/\/chpantalya.com\/index.php?rest_route=%2Fwp%2Fv2%2Fmedia&parent=24471"}],"wp:term":[{"taxonomy":"category","embeddable":true,"href":"https:\/\/chpantalya.com\/index.php?rest_route=%2Fwp%2Fv2%2Fcategories&post=24471"},{"taxonomy":"post_tag","embeddable":true,"href":"https:\/\/chpantalya.com\/index.php?rest_route=%2Fwp%2Fv2%2Ftags&post=24471"}],"curies":[{"name":"wp","href":"https:\/\/api.w.org\/{rel}","templated":true}]}}