{"id":24530,"date":"2022-01-31T11:40:11","date_gmt":"2022-01-31T08:40:11","guid":{"rendered":"http:\/\/chpantalya.com\/?p=24530"},"modified":"2022-01-31T11:40:15","modified_gmt":"2022-01-31T08:40:15","slug":"uretici-finike-portakalinin-varligini-koruma-mucadelesinde","status":"publish","type":"post","link":"https:\/\/chpantalya.com\/?p=24530","title":{"rendered":"<strong>\u00dcRET\u0130C\u0130 F\u0130N\u0130KE PORTAKALININ VARLI\u011eINI KORUMA M\u00dcCADELES\u0130NDE<\/strong>"},"content":{"rendered":"\n<p>Y\u00fcksek girdiler y\u00fcz\u00fcnden Finike portakal\u0131 yok olma tehlikesinde. \u00dcretici sat\u0131\u015f fiyat\u0131n\u0131n 2 liray\u0131 ge\u00e7memesi nedeniyle maliyeti bile kar\u015f\u0131layamad\u0131\u011f\u0131n\u0131 s\u00f6ylerken CHP\u2019li \u00d6zer s\u00f6k\u00fclen bah\u00e7elere dikkat \u00e7ekti: \u201cCo\u011frafi i\u015faretli Finike portakal\u0131n\u0131 gelecek ku\u015faklar sadece foto\u011frafta g\u00f6rmesin!\u201d<\/p>\n\n\n\n<p>Finike\u2019de portakal \u00fcreticisini ziyaret eden CHP Antalya Milletvekili Ayd\u0131n \u00d6zer, 30 kuru\u015fa inen limonun dal\u0131nda kald\u0131\u011f\u0131n\u0131 hat\u0131rlatarak \u201cFinike portakal\u0131 da yok olma tehlikesiyle kar\u015f\u0131 kar\u015f\u0131ya. Bir yandan so\u011fuk havayla m\u00fccadele eden \u00fcretici, maliyeti kar\u015f\u0131lamad\u0131\u011f\u0131 i\u00e7in zorda\u201d dedi. \u00d6zer, \u201cE\u011fer gerekli ilgi g\u00f6sterilmezse d\u00fcnyan\u0131n en iyi aromas\u0131na sahip olan, co\u011frafi i\u015faret alm\u0131\u015f Finike portakal\u0131n\u0131 belki de gelecek ku\u015faklar ancak foto\u011fraflarda g\u00f6rebilecek\u201d diye konu\u015ftu.<\/p>\n\n\n\n<p><strong>AZ SAYIDA BAH\u00c7E KALDI<\/strong><\/p>\n\n\n\n<p>Arazilerin b\u00f6l\u00fcnd\u00fc\u011f\u00fcn\u00fc, portakal bah\u00e7elerinin miras yoluyla k\u00fc\u00e7\u00fclmeye ba\u015flad\u0131\u011f\u0131n\u0131 ve bir\u00e7ok yerde bah\u00e7elerin tek tek s\u00f6k\u00fclmeye ba\u015fland\u0131\u011f\u0131n\u0131 belirten \u00d6zer \u015f\u00f6yle devam etti: \u201cB\u00fcy\u00fck bah\u00e7esi olan \u00e7ok az say\u0131da \u00fcretici kald\u0131. Zaten bah\u00e7e bak\u0131m\u0131 yeterince zor, bir de elektrik, mazot, g\u00fcbre gibi girdilere yeterli destek verilmezse bu portakal bah\u00e7elerini de kaybedebiliriz. Kalitesini koruyabilme bir yana \u00fcretici art\u0131k Finike portakal\u0131n\u0131n varl\u0131\u011f\u0131n\u0131 koruma m\u00fccadelesi veriyor.\u201d<\/p>\n\n\n\n<p><strong>MAZOT VERG\u0130DEN ARINDIRILMALI<\/strong><\/p>\n\n\n\n<p>\u00dcreticinin sorunlar\u0131na acil ve i\u015fe yarar \u00e7\u00f6z\u00fcmler bekledi\u011fini s\u00f6yleyen CHP\u2019li \u00d6zer, \u201cG\u00fcbrede fatura \u00fczerinden y\u00fczde 50 oran\u0131nda destekleme yap\u0131lmas\u0131 \u00e7ift\u00e7iyi rahatlat\u0131r. Mazotun da vergiden ar\u0131nd\u0131r\u0131lmas\u0131 gerekir. \u00c7ift\u00e7i ne kadar mazot kullan\u0131yorsa tespit edilerek y\u0131ll\u0131k mazot t\u00fcketimi vergisiz olarak bir karne \u00fczerinden yap\u0131labilir\u201d diye konu\u015ftu. \u00d6zer, gereken \u00f6nlem ve desteklerin al\u0131nmamas\u0131 halinde Finike portakal\u0131ndaki \u00fcretimin s\u00fcreklili\u011fini kaybedece\u011fini dile getirdi.<\/p>\n\n\n\n<p>***<strong><em>kutu<\/em><\/strong><em>***<\/em><\/p>\n\n\n\n<p><strong>\u00dcRET\u0130C\u0130 NE D\u0130YOR, NE \u0130ST\u0130YOR?<\/strong><\/p>\n\n\n\n<p>Finike portakal\u0131 \u00fcreticisi de her y\u0131l daha zorlu bir m\u00fccadele verdiklerini belirterek \u015fu ifadelerde bulundu:<\/p>\n\n\n\n<ul><li>Ge\u00e7en y\u0131l t\u00fcm Akdeniz havzas\u0131nda s\u0131cak hava dalgas\u0131 nedeniyle bir d\u00f6k\u00fclme vard\u0131 ve y\u00fczde 50\u2019ye varan bir rekolte kayb\u0131m\u0131z oldu. Bu sene a\u011fa\u00e7lar\u0131m\u0131z y\u00fckl\u00fc tuttu, bu y\u00fczden de daha ufak boylu \u00fcr\u00fcn a\u011f\u0131rl\u0131kl\u0131. 2021\u2019de torbas\u0131n\u0131 72 liraya ald\u0131\u011f\u0131m\u0131z g\u00fcbrenin fiyat\u0131 450 ile 650 lira aras\u0131nda de\u011fi\u015fmekte. \u015eu anda portakal\u0131n fiyat\u0131 1.5-2 liray\u0131 ge\u00e7miyor. Ge\u00e7en y\u0131l bu portakal\u0131n fiyat\u0131 3-3.5 lira band\u0131ndayd\u0131. K\u0131sacas\u0131 bug\u00fcn bu fiyatlar maliyeti kar\u015f\u0131layacak fiyatlar de\u011fil.<\/li><\/ul>\n\n\n\n<p><strong>SO\u011eU\u011eA KAR\u015eI PERVANE \u00c7ALI\u015eIYOR<\/strong><\/p>\n\n\n\n<ul><li>Bu portakallar\u0131 so\u011fuktan korumak i\u00e7in m\u00fccadele veriyoruz. So\u011fuk hava k\u00fctlesini \u0131l\u0131k havayla devir daim yaparak atmosferi de\u011fi\u015ftirmeye yarayan 8 pervanemiz var. Bir pervane 180 beygir g\u00fcc\u00fcnde bir motorla \u00e7al\u0131\u015f\u0131yor. Motor da mazotla \u00e7al\u0131\u015f\u0131yor. Bu portakallar\u0131 korumak i\u00e7in son 15 g\u00fcnd\u00fcr so\u011fuk g\u00fcnlerde bir pervane 8-10 saat \u00e7al\u0131\u015ft\u0131. Saatte 30-35 litre mazot yakt\u0131. \u015eu ana kadar 15 ton mazot geldi, a\u015fa\u011f\u0131 yukar\u0131 250 bin liray\u0131 bulduk.<\/li><\/ul>\n\n\n\n<p><strong>\u015eU ANDA ALAN SATAN YOK!<\/strong><\/p>\n\n\n\n<ul><li>Biz bu portakallar\u0131 dondan korumak i\u00e7in u\u011fra\u015f\u0131yoruz. Sadece hasad\u0131 yap\u0131lmak \u00fczere olan portakal\u0131 de\u011fil, nisan ay\u0131nda s\u00fcrg\u00fcnlerin, \u00e7i\u00e7eklerin d\u00fczg\u00fcn gelmesi i\u00e7in ve \u00f6n\u00fcm\u00fczdeki y\u0131l da meyvenin d\u00fczg\u00fcn gelmesi i\u00e7in m\u00fccadele ediyoruz. T\u00fcrkiye\u2019ye kaliteli Finike portakal\u0131n\u0131 ula\u015ft\u0131rmak amac\u0131nday\u0131z ama \u015fu anda alan satan yok, dal\u0131ndaki portakal 2 liray\u0131 ge\u00e7miyor. Bu \u00e7ift\u00e7i \u00f6n\u00fcm\u00fczdeki y\u0131la paray\u0131 nas\u0131l d\u00f6nd\u00fcrebilecek, zaman\u0131 nas\u0131l ge\u00e7irebilecek?<\/li><\/ul>\n\n\n\n<p><strong>\u00dcRET\u0130C\u0130 F\u0130N\u0130KE PORTAKALININ VARLI\u011eINI KORUMA M\u00dcCADELES\u0130NDE<\/strong><\/p>\n\n\n\n<p><strong>F\u0130N\u0130KE PORTAKALI YOK OLMA TEHL\u0130KES\u0130YLE KAR\u015eI KAR\u015eIYA<\/strong><\/p>\n\n\n\n<p><strong>CHP\u2019L\u0130 \u00d6ZER: BAH\u00c7ELER S\u00d6K\u00dcL\u00dcYOR F\u0130N\u0130KE PORTAKALI ZORDA<\/strong><\/p>\n\n\n\n<p>Y\u00fcksek girdiler y\u00fcz\u00fcnden Finike portakal\u0131 yok olma tehlikesinde. \u00dcretici sat\u0131\u015f fiyat\u0131n\u0131n 2 liray\u0131 ge\u00e7memesi nedeniyle maliyeti bile kar\u015f\u0131layamad\u0131\u011f\u0131n\u0131 s\u00f6ylerken CHP\u2019li \u00d6zer s\u00f6k\u00fclen bah\u00e7elere dikkat \u00e7ekti: \u201cCo\u011frafi i\u015faretli Finike portakal\u0131n\u0131 gelecek ku\u015faklar sadece foto\u011frafta g\u00f6rmesin!\u201d<\/p>\n\n\n\n<p>Finike\u2019de portakal \u00fcreticisini ziyaret eden CHP Antalya Milletvekili Ayd\u0131n \u00d6zer, 30 kuru\u015fa inen limonun dal\u0131nda kald\u0131\u011f\u0131n\u0131 hat\u0131rlatarak \u201cFinike portakal\u0131 da yok olma tehlikesiyle kar\u015f\u0131 kar\u015f\u0131ya. Bir yandan so\u011fuk havayla m\u00fccadele eden \u00fcretici, maliyeti kar\u015f\u0131lamad\u0131\u011f\u0131 i\u00e7in zorda\u201d dedi. \u00d6zer, \u201cE\u011fer gerekli ilgi g\u00f6sterilmezse d\u00fcnyan\u0131n en iyi aromas\u0131na sahip olan, co\u011frafi i\u015faret alm\u0131\u015f Finike portakal\u0131n\u0131 belki de gelecek ku\u015faklar ancak foto\u011fraflarda g\u00f6rebilecek\u201d diye konu\u015ftu.<\/p>\n\n\n\n<p><strong>AZ SAYIDA BAH\u00c7E KALDI<\/strong><\/p>\n\n\n\n<p>Arazilerin b\u00f6l\u00fcnd\u00fc\u011f\u00fcn\u00fc, portakal bah\u00e7elerinin miras yoluyla k\u00fc\u00e7\u00fclmeye ba\u015flad\u0131\u011f\u0131n\u0131 ve bir\u00e7ok yerde bah\u00e7elerin tek tek s\u00f6k\u00fclmeye ba\u015fland\u0131\u011f\u0131n\u0131 belirten \u00d6zer \u015f\u00f6yle devam etti: \u201cB\u00fcy\u00fck bah\u00e7esi olan \u00e7ok az say\u0131da \u00fcretici kald\u0131. Zaten bah\u00e7e bak\u0131m\u0131 yeterince zor, bir de elektrik, mazot, g\u00fcbre gibi girdilere yeterli destek verilmezse bu portakal bah\u00e7elerini de kaybedebiliriz. Kalitesini koruyabilme bir yana \u00fcretici art\u0131k Finike portakal\u0131n\u0131n varl\u0131\u011f\u0131n\u0131 koruma m\u00fccadelesi veriyor.\u201d<\/p>\n\n\n\n<p><strong>MAZOT VERG\u0130DEN ARINDIRILMALI<\/strong><\/p>\n\n\n\n<p>\u00dcreticinin sorunlar\u0131na acil ve i\u015fe yarar \u00e7\u00f6z\u00fcmler bekledi\u011fini s\u00f6yleyen CHP\u2019li \u00d6zer, \u201cG\u00fcbrede fatura \u00fczerinden y\u00fczde 50 oran\u0131nda destekleme yap\u0131lmas\u0131 \u00e7ift\u00e7iyi rahatlat\u0131r. Mazotun da vergiden ar\u0131nd\u0131r\u0131lmas\u0131 gerekir. \u00c7ift\u00e7i ne kadar mazot kullan\u0131yorsa tespit edilerek y\u0131ll\u0131k mazot t\u00fcketimi vergisiz olarak bir karne \u00fczerinden yap\u0131labilir\u201d diye konu\u015ftu. \u00d6zer, gereken \u00f6nlem ve desteklerin al\u0131nmamas\u0131 halinde Finike portakal\u0131ndaki \u00fcretimin s\u00fcreklili\u011fini kaybedece\u011fini dile getirdi.<\/p>\n\n\n\n<p>***<strong><em>kutu<\/em><\/strong><em>***<\/em><\/p>\n\n\n\n<p><strong>\u00dcRET\u0130C\u0130 NE D\u0130YOR, NE \u0130ST\u0130YOR?<\/strong><\/p>\n\n\n\n<p>Finike portakal\u0131 \u00fcreticisi de her y\u0131l daha zorlu bir m\u00fccadele verdiklerini belirterek \u015fu ifadelerde bulundu:<\/p>\n\n\n\n<ul><li>Ge\u00e7en y\u0131l t\u00fcm Akdeniz havzas\u0131nda s\u0131cak hava dalgas\u0131 nedeniyle bir d\u00f6k\u00fclme vard\u0131 ve y\u00fczde 50\u2019ye varan bir rekolte kayb\u0131m\u0131z oldu. Bu sene a\u011fa\u00e7lar\u0131m\u0131z y\u00fckl\u00fc tuttu, bu y\u00fczden de daha ufak boylu \u00fcr\u00fcn a\u011f\u0131rl\u0131kl\u0131. 2021\u2019de torbas\u0131n\u0131 72 liraya ald\u0131\u011f\u0131m\u0131z g\u00fcbrenin fiyat\u0131 450 ile 650 lira aras\u0131nda de\u011fi\u015fmekte. \u015eu anda portakal\u0131n fiyat\u0131 1.5-2 liray\u0131 ge\u00e7miyor. Ge\u00e7en y\u0131l bu portakal\u0131n fiyat\u0131 3-3.5 lira band\u0131ndayd\u0131. K\u0131sacas\u0131 bug\u00fcn bu fiyatlar maliyeti kar\u015f\u0131layacak fiyatlar de\u011fil.<\/li><\/ul>\n\n\n\n<p><strong>SO\u011eU\u011eA KAR\u015eI PERVANE \u00c7ALI\u015eIYOR<\/strong><\/p>\n\n\n\n<ul><li>Bu portakallar\u0131 so\u011fuktan korumak i\u00e7in m\u00fccadele veriyoruz. So\u011fuk hava k\u00fctlesini \u0131l\u0131k havayla devir daim yaparak atmosferi de\u011fi\u015ftirmeye yarayan 8 pervanemiz var. Bir pervane 180 beygir g\u00fcc\u00fcnde bir motorla \u00e7al\u0131\u015f\u0131yor. Motor da mazotla \u00e7al\u0131\u015f\u0131yor. Bu portakallar\u0131 korumak i\u00e7in son 15 g\u00fcnd\u00fcr so\u011fuk g\u00fcnlerde bir pervane 8-10 saat \u00e7al\u0131\u015ft\u0131. Saatte 30-35 litre mazot yakt\u0131. \u015eu ana kadar 15 ton mazot geldi, a\u015fa\u011f\u0131 yukar\u0131 250 bin liray\u0131 bulduk.<\/li><\/ul>\n\n\n\n<p><strong>\u015eU ANDA ALAN SATAN YOK!<\/strong><\/p>\n\n\n\n<ul><li>Biz bu portakallar\u0131 dondan korumak i\u00e7in u\u011fra\u015f\u0131yoruz. Sadece hasad\u0131 yap\u0131lmak \u00fczere olan portakal\u0131 de\u011fil, nisan ay\u0131nda s\u00fcrg\u00fcnlerin, \u00e7i\u00e7eklerin d\u00fczg\u00fcn gelmesi i\u00e7in ve \u00f6n\u00fcm\u00fczdeki y\u0131l da meyvenin d\u00fczg\u00fcn gelmesi i\u00e7in m\u00fccadele ediyoruz. T\u00fcrkiye\u2019ye kaliteli Finike portakal\u0131n\u0131 ula\u015ft\u0131rmak amac\u0131nday\u0131z ama \u015fu anda alan satan yok, dal\u0131ndaki portakal 2 liray\u0131 ge\u00e7miyor. Bu \u00e7ift\u00e7i \u00f6n\u00fcm\u00fczdeki y\u0131la paray\u0131 nas\u0131l d\u00f6nd\u00fcrebilecek, zaman\u0131 nas\u0131l ge\u00e7irebilecek?<\/li><\/ul>\n","protected":false},"excerpt":{"rendered":"<p>Y\u00fcksek girdiler y\u00fcz\u00fcnden Finike portakal\u0131 yok olma tehlikesinde. \u00dcretici sat\u0131\u015f fiyat\u0131n\u0131n 2 liray\u0131 ge\u00e7memesi nedeniyle maliyeti bile kar\u015f\u0131layamad\u0131\u011f\u0131n\u0131 s\u00f6ylerken CHP\u2019li \u00d6zer s\u00f6k\u00fclen bah\u00e7elere dikkat \u00e7ekti: \u201cCo\u011frafi i\u015faretli Finike portakal\u0131n\u0131 gelecek ku\u015faklar sadece foto\u011frafta g\u00f6rmesin!\u201d Finike\u2019de portakal \u00fcreticisini ziyaret eden CHP Antalya Milletvekili Ayd\u0131n \u00d6zer, 30 kuru\u015fa inen limonun dal\u0131nda kald\u0131\u011f\u0131n\u0131 hat\u0131rlatarak \u201cFinike portakal\u0131 da yok [&hellip;]<\/p>\n","protected":false},"author":1,"featured_media":24531,"comment_status":"closed","ping_status":"open","sticky":false,"template":"","format":"standard","meta":[],"categories":[60,35],"tags":[],"amp_enabled":true,"_links":{"self":[{"href":"https:\/\/chpantalya.com\/index.php?rest_route=\/wp\/v2\/posts\/24530"}],"collection":[{"href":"https:\/\/chpantalya.com\/index.php?rest_route=\/wp\/v2\/posts"}],"about":[{"href":"https:\/\/chpantalya.com\/index.php?rest_route=\/wp\/v2\/types\/post"}],"author":[{"embeddable":true,"href":"https:\/\/chpantalya.com\/index.php?rest_route=\/wp\/v2\/users\/1"}],"replies":[{"embeddable":true,"href":"https:\/\/chpantalya.com\/index.php?rest_route=%2Fwp%2Fv2%2Fcomments&post=24530"}],"version-history":[{"count":0,"href":"https:\/\/chpantalya.com\/index.php?rest_route=\/wp\/v2\/posts\/24530\/revisions"}],"wp:featuredmedia":[{"embeddable":true,"href":"https:\/\/chpantalya.com\/index.php?rest_route=\/wp\/v2\/media\/24531"}],"wp:attachment":[{"href":"https:\/\/chpantalya.com\/index.php?rest_route=%2Fwp%2Fv2%2Fmedia&parent=24530"}],"wp:term":[{"taxonomy":"category","embeddable":true,"href":"https:\/\/chpantalya.com\/index.php?rest_route=%2Fwp%2Fv2%2Fcategories&post=24530"},{"taxonomy":"post_tag","embeddable":true,"href":"https:\/\/chpantalya.com\/index.php?rest_route=%2Fwp%2Fv2%2Ftags&post=24530"}],"curies":[{"name":"wp","href":"https:\/\/api.w.org\/{rel}","templated":true}]}}