{"id":25101,"date":"2022-05-23T15:00:31","date_gmt":"2022-05-23T12:00:31","guid":{"rendered":"http:\/\/chpantalya.com\/?p=25101"},"modified":"2022-06-06T11:09:53","modified_gmt":"2022-06-06T08:09:53","slug":"akpnin-ozgurluk-tanimi-ifade-etmedigin-surece-ifade-ozgurlugune-sahipsin","status":"publish","type":"post","link":"https:\/\/chpantalya.com\/?p=25101","title":{"rendered":"AKP\u2019N\u0130N \u00d6ZG\u00dcRL\u00dcK TANIMI: \u0130FADE ETMED\u0130\u011e\u0130N S\u00dcRECE \u0130FADE \u00d6ZG\u00dcRL\u00dc\u011e\u00dcNE SAH\u0130PS\u0130N"},"content":{"rendered":"\n<p><strong>AKP\u2019N\u0130N \u00d6ZG\u00dcRL\u00dcK TANIMI: \u0130FADE ETMED\u0130\u011e\u0130N S\u00dcRECE \u0130FADE \u00d6ZG\u00dcRL\u00dc\u011e\u00dcNE SAH\u0130PS\u0130N<\/strong><\/p>\n\n\n\n<p>CHP Antalya Milletvekili ve TBMM Adalet Komisyonu \u00dcyesi Rafet Zeybek, Adalet Bakan\u0131 Bekir Bozda\u011f\u2019\u0131n \u201cT\u00fcrkiye&#8217;de tweet att\u0131 diye hakk\u0131nda soru\u015fturma ba\u015flat\u0131lan bir ki\u015fi yok. Tweetin i\u00e7inde yazandan dolay\u0131 soru\u015fturma a\u00e7\u0131l\u0131yor\u201d ifadelerini sert bir \u015fekilde ele\u015ftirdi. CHP \u0130stanbul \u0130l Ba\u015fkan\u0131 Canan Kaftanc\u0131o\u011flu\u2019nun eski tweetleri nedeniyle yarg\u0131land\u0131\u011f\u0131n\u0131 hat\u0131rlatan CHP\u2019li Zeybek, \u201cAKP\u2019nin ve Adalet Bakan\u0131\u2019n\u0131n ifade \u00f6zg\u00fcrl\u00fc\u011f\u00fc tan\u0131m\u0131, ifade etmedi\u011fin s\u00fcrece \u00f6zg\u00fcrs\u00fcn demektir.\u201d dedi.<\/p>\n\n\n\n<p>CHP\u2019li Zeybek yapt\u0131\u011f\u0131 a\u00e7\u0131klamada \u015fu ifadeleri kulland\u0131;<\/p>\n\n\n\n<p>\u201c\u0130nsanlar\u0131n d\u00fc\u015f\u00fcncelerini \u00f6zg\u00fcrce a\u00e7\u0131klayabilece\u011fi mecralar \u00fczerinde tahakk\u00fcm kurmak siyasal iktidar\u0131n hobisi haline gelmi\u015ftir. Medya\u2019n\u0131n b\u00fcy\u00fck \u00e7o\u011funlu\u011fu \u00fczerinden yanda\u015flarla kurulan hegemonyaya ra\u011fmen insanlar \u00f6zg\u00fcrce sosyal medyadan g\u00f6r\u00fc\u015f ve ele\u015ftirilerini aktard\u0131klar\u0131nda ise yarg\u0131 eli ile \u00fczerlerine gidilmektedir. Hat\u0131rlanaca\u011f\u0131 gibi partili Cumhurba\u015fkan\u0131 Erdo\u011fan\u2019da ge\u00e7mi\u015fte sosyal medyay\u0131 toplumlar\u0131n ba\u015f belas\u0131 olarak tan\u0131mlam\u0131\u015ft\u0131, onun Adalet Bakan\u0131\u2019n\u0131n ise tweetten de\u011fil, i\u00e7inde yaz\u0131landan soru\u015fturma a\u00e7\u0131l\u0131yor ifadesi asl\u0131nda talimat sisteminin d\u0131\u015favurumudur.\u201d<\/p>\n\n\n\n<p><strong>D\u00dc\u015e\u00dcNCE \u00d6ZG\u00dcRL\u00dc\u011e\u00dc ANAYASAL HAKTIR<\/strong><\/p>\n\n\n\n<p>\u201cT\u00fcrkiye Cumhuriyeti Anayasas\u0131 25\u2019inci maddesi \u201cHerkes, d\u00fc\u015f\u00fcnce ve kanaat h\u00fcrriyetine sahiptir. Her ne sebep ve ama\u00e7la olursa olsun kimse, d\u00fc\u015f\u00fcnce ve kanaatlerini a\u00e7\u0131klamaya zorlanamaz; d\u00fc\u015f\u00fcnce kanaatleri sebebiyle k\u0131nanamaz ve su\u00e7lanamaz.\u201d der ancak AKP\u2019nin yarg\u0131 sistemi \u00fclkenin hi\u00e7bir sorunu yokmu\u015f gibi, \u00fclkede ba\u015fka su\u00e7lar olmam\u0131\u015f gibi sosyal medyada ele\u015ftiride bulunan vatanda\u015f av\u0131 yapmaktad\u0131r. Eski bir Cumhuriyet Savc\u0131s\u0131 olarak bu \u00fclkenin d\u00fcr\u00fcst ve hukukun \u00fcst\u00fcnl\u00fc\u011f\u00fcn\u00fc savunan yarg\u0131 mensuplar\u0131n\u0131 ayr\u0131 tutarak \u015funu belirtiyorum ki, AKP\u2019nin yarg\u0131s\u0131 da, AKP\u2019nin yarg\u0131\u00e7lar\u0131 da sand\u0131kta gidecekler.<\/p>\n\n\n\n<p>D\u00fcn FET\u00d6 eleba\u015f\u0131na g\u00fczellemeler yapan Adalet Bakan\u0131 Bozda\u011f\u2019a o s\u00f6zleri i\u00e7in bir soru\u015fturma a\u00e7\u0131lmam\u0131\u015fsa aksine \u00f6d\u00fcllendirilip tekrar bakan yap\u0131lm\u0131\u015ft\u0131r. Bug\u00fcn sosyal medyada hayat pahal\u0131l\u0131\u011f\u0131n\u0131, adaletsizli\u011fi, i\u015fsizli\u011fi ele\u015ftiren vatanda\u015flara da soru\u015fturma a\u00e7\u0131lamaz.\u201d<\/p>\n","protected":false},"excerpt":{"rendered":"<p>AKP\u2019N\u0130N \u00d6ZG\u00dcRL\u00dcK TANIMI: \u0130FADE ETMED\u0130\u011e\u0130N S\u00dcRECE \u0130FADE \u00d6ZG\u00dcRL\u00dc\u011e\u00dcNE SAH\u0130PS\u0130N CHP Antalya Milletvekili ve TBMM Adalet Komisyonu \u00dcyesi Rafet Zeybek, Adalet Bakan\u0131 Bekir Bozda\u011f\u2019\u0131n \u201cT\u00fcrkiye&#8217;de tweet att\u0131 diye hakk\u0131nda soru\u015fturma ba\u015flat\u0131lan bir ki\u015fi yok. Tweetin i\u00e7inde yazandan dolay\u0131 soru\u015fturma a\u00e7\u0131l\u0131yor\u201d ifadelerini sert bir \u015fekilde ele\u015ftirdi. CHP \u0130stanbul \u0130l Ba\u015fkan\u0131 Canan Kaftanc\u0131o\u011flu\u2019nun eski tweetleri nedeniyle yarg\u0131land\u0131\u011f\u0131n\u0131 hat\u0131rlatan [&hellip;]<\/p>\n","protected":false},"author":1,"featured_media":25007,"comment_status":"closed","ping_status":"open","sticky":false,"template":"","format":"standard","meta":[],"categories":[35,62],"tags":[],"amp_enabled":true,"_links":{"self":[{"href":"https:\/\/chpantalya.com\/index.php?rest_route=\/wp\/v2\/posts\/25101"}],"collection":[{"href":"https:\/\/chpantalya.com\/index.php?rest_route=\/wp\/v2\/posts"}],"about":[{"href":"https:\/\/chpantalya.com\/index.php?rest_route=\/wp\/v2\/types\/post"}],"author":[{"embeddable":true,"href":"https:\/\/chpantalya.com\/index.php?rest_route=\/wp\/v2\/users\/1"}],"replies":[{"embeddable":true,"href":"https:\/\/chpantalya.com\/index.php?rest_route=%2Fwp%2Fv2%2Fcomments&post=25101"}],"version-history":[{"count":0,"href":"https:\/\/chpantalya.com\/index.php?rest_route=\/wp\/v2\/posts\/25101\/revisions"}],"wp:featuredmedia":[{"embeddable":true,"href":"https:\/\/chpantalya.com\/index.php?rest_route=\/wp\/v2\/media\/25007"}],"wp:attachment":[{"href":"https:\/\/chpantalya.com\/index.php?rest_route=%2Fwp%2Fv2%2Fmedia&parent=25101"}],"wp:term":[{"taxonomy":"category","embeddable":true,"href":"https:\/\/chpantalya.com\/index.php?rest_route=%2Fwp%2Fv2%2Fcategories&post=25101"},{"taxonomy":"post_tag","embeddable":true,"href":"https:\/\/chpantalya.com\/index.php?rest_route=%2Fwp%2Fv2%2Ftags&post=25101"}],"curies":[{"name":"wp","href":"https:\/\/api.w.org\/{rel}","templated":true}]}}