{"id":25181,"date":"2022-06-22T17:02:18","date_gmt":"2022-06-22T14:02:18","guid":{"rendered":"http:\/\/chpantalya.com\/?p=25181"},"modified":"2022-06-22T17:02:20","modified_gmt":"2022-06-22T14:02:20","slug":"musaade-etmeyecegiz","status":"publish","type":"post","link":"https:\/\/chpantalya.com\/?p=25181","title":{"rendered":"\u201cM\u00dcSAADE ETMEYECE\u011e\u0130Z\u201d"},"content":{"rendered":"\n<p><\/p>\n\n\n\n<p>TBMM Plan ve B\u00fct\u00e7e Komisyonu \u00fcyesi CHP Antalya Milletvekili Av. Cavit Ar\u0131, konumu ve tarihi \u00f6zellikleriyle Antalya\u2019n\u0131n simgesi haline gelen Antalya Lisesinin tarihi binalar\u0131ndan birisinin Milli E\u011fitim Bakanl\u0131\u011f\u0131 arac\u0131l\u0131\u011f\u0131 ile yap\u0131lm\u0131\u015f bir protokol \u00e7er\u00e7evesinde Olgunla\u015fma Enstit\u00fcs\u00fcne tahsis edilece\u011fine ili\u015fkin olarak 20 Haziran Pazar g\u00fcn\u00fc Antalya Lisesi \u00f6n\u00fcnde Antalya Lisesi ve Mezunlar\u0131 Vakf\u0131 (AL\u0130V)\u2019n\u0131n Y\u00f6netim Kurulu Ba\u015fkan\u0131 Olcay Okutan, Antalya Lisesinin eski ve yeni \u00f6\u011fretmenleri ve mezunlar\u0131n\u0131n kat\u0131l\u0131m\u0131 ile d\u00fczenlenen bas\u0131n a\u00e7\u0131klamas\u0131nda yapt\u0131\u011f\u0131 konu\u015fmada <strong><em>\u201cAntalya Lisesi Antalya&#8217;n\u0131n bir k\u00fclt\u00fcr abidesidir, bir e\u011fitim abidesidir. Antalya&#8217;y\u0131 bug\u00fcne kadar getirenlerin yeti\u015fti\u011fi bir e\u011fitim kurumudur. Antalya Lisesinin herhangi bir binas\u0131n\u0131n al\u0131nmas\u0131 demek sadece saf bir binan\u0131n birileri taraf\u0131ndan el konulmas\u0131 olmayacak. Antalya&#8217;n\u0131n bir tarihinin yok edilmesine el uzat\u0131lmas\u0131 olacakt\u0131r. Bizler buna m\u00fcsaade etmeyece\u011fiz. Antalya Valisi ba\u015fta olmak \u00fczere Milli E\u011fitim \u0130l M\u00fcd\u00fcr\u00fc dahil hi\u00e7 kimsenin buraya el uzat\u0131lmas\u0131na m\u00fcsaade etmemesi gerekir. Aksi halde Milli E\u011fitimi y\u00f6netenler Milli E\u011fitime y\u00f6n verenler Antalya&#8217;da bunun temsilcisi olanlar bu vebalin alt\u0131ndan kalkamazlar.\u201d<\/em><\/strong> diyerek tepki g\u00f6sterdi.<\/p>\n\n\n\n<p>Her \u015fehrin bir tarihi vard\u0131r. Her \u015feyin k\u00f6kl\u00fc kurumlar\u0131 vard\u0131. Ya\u015fanm\u0131\u015fl\u0131klar\u0131 vard\u0131r. O kente kimlik katan de\u011ferleri vard\u0131r. \u0130\u015fte Antalya Lisesi deyince de 125 y\u0131ld\u0131r e\u011fitim veren bu kurum Antalya&#8217;n\u0131n en \u00f6nemli simgesidir diyen Antalya Milletvekili Ar\u0131, \u201c1889 ve 1891 y\u0131llar\u0131nda in\u015fa edilen tarihi binalar\u0131ndan 1898 tarihinden bu yana 100 bine yakla\u015fan mezun vermi\u015ftir. Tarihi de\u011feri kadar manevi de\u011feri de y\u00fcksek olan s\u00f6z konusu binalar\u0131n, mezunlar\u0131 ve Antalyal\u0131lar i\u00e7in \u00f6nemi \u00e7ok b\u00fcy\u00fckt\u00fcr. Antalya Lisesi, tescilli tarihi binalar\u0131 ve konumundan dolay\u0131 ge\u00e7mi\u015fte pek \u00e7ok resmi kurum taraf\u0131ndan makam odas\u0131, yeni hizmet binas\u0131, misafirhane, Kent M\u00fczesi ve hatta D\u0131\u015f \u0130\u015fleri Bakanl\u0131\u011f\u0131 taraf\u0131ndan Antalya Temsilcili\u011fi gibi \u00e7e\u015fitli \u015fekillerde kullan\u0131lmak \u00fczere Antalya Lisesi \u00d6\u011frencisi ve \u00d6\u011fretmenlerinin kullan\u0131m\u0131n\u0131n d\u0131\u015f\u0131nda tutulacak bir yap\u0131ya sokulmaya \u00e7al\u0131\u015f\u0131lm\u0131\u015fsa da \u00f6\u011frencisi, \u00f6\u011fretmeni, mezunlar\u0131 ve halk\u0131n ortaya hakl\u0131 kamuoyu tepkisi nedeniyle ba\u015far\u0131lamam\u0131\u015ft\u0131r. Bu kez de Antalya Olgunla\u015fma Enstit\u00fcs\u00fc\u2019n\u00fcn benzer bir iste\u011fi oldu\u011fu ve Antalya Valili\u011fince 2019 y\u0131l\u0131nda restore edilen tarihi binaya \u201cSanat Merkezi\u201d yapmak \u00fczere talepte bulundu\u011fu ve Milli E\u011fitim Bakanl\u0131\u011f\u0131 kanal\u0131yla yap\u0131lm\u0131\u015f bir protokol \u00e7er\u00e7evesinde tarihi binan\u0131n Olgunla\u015fma Enstit\u00fcs\u00fcne tahsis ve devredilece\u011fi s\u00f6ylentisi vard\u0131r.\u201d dedi.<\/p>\n\n\n\n<p>Milletvekili Ar\u0131, \u201cAntalya Lisesi mezunlar\u0131 ve Antalya\u2019ya g\u00f6n\u00fcl vermi\u015f olanlar ve halihaz\u0131rda mevcut \u00f6\u011frenci velileri ve \u00f6\u011frencileri olarak ba\u015fta Say\u0131n Valimize, \u0130l Milli E\u011fitim M\u00fcd\u00fcr\u00fcm\u00fcze sesleniyorum. L\u00fctfen bu olaya el koyun. \u00c7\u00fcnk\u00fc Antalya&#8217;n\u0131n de\u011ferlerini korumak ba\u015fta sizin g\u00f6reviniz. Biz buna m\u00fcsaade etmek istemiyoruz, etmeyece\u011fiz. Antalya&#8217;n\u0131n t\u00fcm de\u011ferlerin de bug\u00fcne kadar sahip \u00e7\u0131kmaya \u00e7al\u0131\u015ft\u0131k bundan sonra da sahip \u00e7\u0131kmaya devam edece\u011fiz. Olgunla\u015fma Enstit\u00fcs\u00fc tabii ki oda bizim bir kurumuz. Ancak kale i\u00e7inde zaten eski Atat\u00fcrk Orta Okulunda, eski \u0130l \u00d6zel \u0130dare binas\u0131nda halihaz\u0131rda Antalya&#8217;n\u0131n zaten en g\u00fczel binas\u0131nda \u015fu an faaliyetteler, oray\u0131 kullanmaya devam etsinler. Yani oradan buray\u0131 sergi salonu gibi bir ama\u00e7la kullanmaya \u00e7al\u0131\u015f\u0131lmas\u0131n\u0131n alt\u0131nda ba\u015fka \u015feyler oldu\u011funu olaca\u011f\u0131n\u0131 biz fark ediyoruz. O nedenle buna da m\u00fcsaade etmek istemiyoruz. B\u00fct\u00fcn Antalya\u2019y\u0131 Antalya Lisesi&#8217;ne sahip \u00e7\u0131kmaya davet ediyorum. Bu m\u00fccadele Antalya Lisesi&#8217;nin m\u00fccadelesidir. Bu m\u00fccadele de b\u00fct\u00fcn Antalya&#8217;n\u0131n m\u00fccadelesi olacakt\u0131r.\u201d dedi.<\/p>\n\n\n\n<p>Konuyu TBMM g\u00fcndemine de ta\u015f\u0131yan CHP Antalya Milletvekili Cavit Ar\u0131, Milli E\u011fitim Bakan\u0131 Mahmut \u00d6zer cevaplamas\u0131 istemiyle yaz\u0131l\u0131 soru \u00f6nergesi verdi.<\/p>\n","protected":false},"excerpt":{"rendered":"<p>TBMM Plan ve B\u00fct\u00e7e Komisyonu \u00fcyesi CHP Antalya Milletvekili Av. Cavit Ar\u0131, konumu ve tarihi \u00f6zellikleriyle Antalya\u2019n\u0131n simgesi haline gelen Antalya Lisesinin tarihi binalar\u0131ndan birisinin Milli E\u011fitim Bakanl\u0131\u011f\u0131 arac\u0131l\u0131\u011f\u0131 ile yap\u0131lm\u0131\u015f bir protokol \u00e7er\u00e7evesinde Olgunla\u015fma Enstit\u00fcs\u00fcne tahsis edilece\u011fine ili\u015fkin olarak 20 Haziran Pazar g\u00fcn\u00fc Antalya Lisesi \u00f6n\u00fcnde Antalya Lisesi ve Mezunlar\u0131 Vakf\u0131 (AL\u0130V)\u2019n\u0131n Y\u00f6netim Kurulu [&hellip;]<\/p>\n","protected":false},"author":1,"featured_media":24811,"comment_status":"closed","ping_status":"open","sticky":false,"template":"","format":"standard","meta":[],"categories":[63,35],"tags":[],"amp_enabled":true,"_links":{"self":[{"href":"https:\/\/chpantalya.com\/index.php?rest_route=\/wp\/v2\/posts\/25181"}],"collection":[{"href":"https:\/\/chpantalya.com\/index.php?rest_route=\/wp\/v2\/posts"}],"about":[{"href":"https:\/\/chpantalya.com\/index.php?rest_route=\/wp\/v2\/types\/post"}],"author":[{"embeddable":true,"href":"https:\/\/chpantalya.com\/index.php?rest_route=\/wp\/v2\/users\/1"}],"replies":[{"embeddable":true,"href":"https:\/\/chpantalya.com\/index.php?rest_route=%2Fwp%2Fv2%2Fcomments&post=25181"}],"version-history":[{"count":0,"href":"https:\/\/chpantalya.com\/index.php?rest_route=\/wp\/v2\/posts\/25181\/revisions"}],"wp:featuredmedia":[{"embeddable":true,"href":"https:\/\/chpantalya.com\/index.php?rest_route=\/wp\/v2\/media\/24811"}],"wp:attachment":[{"href":"https:\/\/chpantalya.com\/index.php?rest_route=%2Fwp%2Fv2%2Fmedia&parent=25181"}],"wp:term":[{"taxonomy":"category","embeddable":true,"href":"https:\/\/chpantalya.com\/index.php?rest_route=%2Fwp%2Fv2%2Fcategories&post=25181"},{"taxonomy":"post_tag","embeddable":true,"href":"https:\/\/chpantalya.com\/index.php?rest_route=%2Fwp%2Fv2%2Ftags&post=25181"}],"curies":[{"name":"wp","href":"https:\/\/api.w.org\/{rel}","templated":true}]}}