{"id":25465,"date":"2022-11-09T09:38:37","date_gmt":"2022-11-09T06:38:37","guid":{"rendered":"https:\/\/chpantalya.com\/?p=25465"},"modified":"2022-11-09T09:38:43","modified_gmt":"2022-11-09T06:38:43","slug":"budaktan-dis-ticaret-politikalarina-elestiri","status":"publish","type":"post","link":"https:\/\/chpantalya.com\/?p=25465","title":{"rendered":"BUDAK\u2019TAN DI\u015e T\u0130CARET POL\u0130T\u0130KALARINA ELE\u015eT\u0130R\u0130"},"content":{"rendered":"\n<p><\/p>\n\n\n\n<p><strong>CHP Antalya Milletvekili ve Sanayi ve Ticaret Komisyonu \u00dcyesi \u00c7etin Osman Budak, T\u00fcrkiye\u2019nin d\u0131\u015f ticaret dengesinde ya\u015fanan bozulman\u0131n ekonomide \u00e7ok ciddi k\u0131r\u0131lganl\u0131klara neden oldu\u011funu s\u00f6yledi. TBMM Plan ve B\u00fct\u00e7e Komisyonunda Ticaret Bakanl\u0131\u011f\u0131 2023 y\u0131l\u0131 b\u00fct\u00e7esi g\u00f6r\u00fc\u015fmelerinde konu\u015fan Budak, \u201c Say\u0131n Ticaret Bakan\u0131 pandemi sonras\u0131 T\u00fcrkiye\u2019nin bir \u00fcretim \u00fcss\u00fc olaca\u011f\u0131n\u0131 s\u00f6yl\u00fcyor ama rakamlar Say\u0131n Bakan\u0131 desteklemiyor. 2022 y\u0131l\u0131n\u0131n ilk 8 ay\u0131nda \u00fclkemizde <\/strong><strong>do\u011frudan yabanc\u0131 sermaye yat\u0131r\u0131m\u0131 6 milyar 832 milyon dolar. Bunun 4 milyar 331 milyon dolar\u0131, y\u00fczde 62\u2019si gayrimenkul sat\u0131\u015f\u0131. Gayrimenkul al\u0131mlar\u0131 d\u0131\u015f\u0131nda, do\u011frudan yabanc\u0131 sermaye giri\u015fi neredeyse durdu. \u0130ktidar\u0131n elinde topra\u011f\u0131m\u0131z ve pasaportumuz d\u0131\u015f\u0131nda satabilece\u011fi bir varl\u0131k kalmad\u0131\u201d dedi.<\/strong><\/p>\n\n\n\n<p>Bakan Mehmet Mu\u015f\u2019un g\u00f6reve geldi\u011fi Nisan 2021\u2019de ihracat\u0131n ithalat\u0131 kar\u015f\u0131lama oran\u0131n\u0131n y\u00fczde 85 oldu\u011funu hat\u0131rlatan Budak, \u015f\u00f6yle konu\u015ftu:<\/p>\n\n\n\n<p><strong>\u201c\u0130HRACATIN \u0130THALATI KAR\u015eILAMA ORANI Y\u00dcZDE 69\u2019A GER\u0130LED\u0130\u201d<\/strong><\/p>\n\n\n\n<p>\u201cSay\u0131n Bakan siz g\u00f6reve geldi\u011finizde y\u00fczde 85 olan ihracat\u0131n ithalat\u0131 kar\u015f\u0131lama oran\u0131, son verilere g\u00f6re y\u00fczde 69\u2019a geriledi. S\u00fcrekli enerji ve alt\u0131n ithalat\u0131m\u0131z\u0131 ve bu mallardaki fiyat art\u0131\u015flar\u0131n\u0131 bahane ediyorsunuz. Ticaret Bakanl\u0131\u011f\u0131 sitesinden ald\u0131\u011f\u0131m verilere g\u00f6re, enerji ithalat\u0131n\u0131 \u00e7\u0131kar\u0131rsak ihracat\u0131n ithalat\u0131 kar\u015f\u0131lama oran\u0131 y\u00fczde 88. \u201cAlt\u0131n ithal ettik.\u201d dediniz enerji ve alt\u0131n\u0131 da \u00e7\u0131kar\u0131rsak ihracat\u0131n ithalat\u0131 kar\u015f\u0131lama oran\u0131 y\u00fczde 94. Enerji ve alt\u0131n\u0131 hari\u00e7 tutsak dahi, ihracat\u0131m\u0131z ithalat\u0131m\u0131z\u0131 kar\u015f\u0131lamaya yetmiyor. Uygulanan yanl\u0131\u015f politikalar nedeniyle d\u0131\u015f ticaret a\u00e7\u0131\u011f\u0131m\u0131z her ge\u00e7en g\u00fcn art\u0131yor. Size g\u00f6re bu d\u00fc\u015f\u00fc\u015f\u00fcn nedeni nedir?<\/p>\n\n\n\n<p><strong>\u201cGER\u00c7EK DO\u011eRUDAN YABANCI SERMAYE G\u0130R\u0130\u015e\u0130 2 M\u0130LYAR DOLAR\u201d<\/strong><\/p>\n\n\n\n<p>\u201c2021 y\u0131l\u0131nda T\u00fcrkiye 13 milyar 345 milyon dolar do\u011frudan yabanc\u0131 sermaye giri\u015fi sa\u011flam\u0131\u015f fakat bunun y\u00fczde 42\u2019si yani 5 milyar 643 milyon dolarl\u0131k k\u0131sm\u0131 gayrimenkul. Vatanda\u015fl\u0131k veriyoruz bir \u015fekilde, gayrimenkul yani toprak ve konut sat\u0131yoruz b\u00f6yle bir rakam geliyor. \u015eimdi, yeni, 2022 y\u0131l\u0131n\u0131n rakamlar\u0131n\u0131 sizin verilerinizden ald\u0131m: Do\u011frudan gelen 6 milyar 832 milyon dolar\u0131n 4 milyar 331 milyon dolar\u0131 gayrimenkul sat\u0131\u015f\u0131. Bu, do\u011frudan yat\u0131r\u0131m kabul ediliyorsa T\u00fcrkiye&#8217;de do\u011frudan yat\u0131r\u0131m\u0131n tan\u0131m\u0131 nedir? Yani e\u011fer do\u011frudan yat\u0131r\u0131ma biz sanayi kurulu\u015flar\u0131 olarak kabul edeceksek bu rakamlar\u0131n revize edilmesi gerekmiyor mu? Ger\u00e7ek rakam\u0131n, do\u011frudan yat\u0131r\u0131m\u0131n 2 milyar dolar oldu\u011funa dikkat \u00e7ekmek istiyorum\u201d<\/p>\n\n\n\n<p><strong>\u201cDEVLET\u0130N RESM\u0130 VER\u0130LER\u0130 \u00c7EL\u0130\u015e\u0130YOR\u201d<\/strong><\/p>\n\n\n\n<p>Say\u0131n Bakan, ocak-eyl\u00fcl aras\u0131nda ithalat\u0131m\u0131z 272 milyar dolar. T\u00dc\u0130K&#8217;e g\u00f6re ise 271 milyar 249 milyon dolar; \u015fimdi hangisine inanaca\u011f\u0131z? Sizden bununla ilgili bir a\u00e7\u0131klama bekliyorum. Arada 800 milyon dolar gibi bir fark var, 800 milyon dolar siz daha fazlas\u0131n\u0131z; T\u00dc\u0130K&#8217;e g\u00f6re ise bu rakam 800 milyon dolar daha a\u015fa\u011f\u0131da. Yani bu hesap hatas\u0131 m\u0131 yoksa y\u0131lsonundaki cari hesapla ilgili, cari a\u00e7\u0131kla ilgili bir \u00e7al\u0131\u015fma m\u0131, onu da anlamad\u0131k \u00e7\u00fcnk\u00fc Turizm Bakanl\u0131\u011f\u0131n\u0131n rakamlar\u0131n\u0131 da yukar\u0131 do\u011fru revize etti\u011fini ge\u00e7ti\u011fimiz g\u00fcnlerde g\u00f6rd\u00fck. Bu fark nereden kaynaklan\u0131yor?<\/p>\n\n\n\n<p><strong>\u201cREKABET KURUMU ELEKTRON\u0130K SKOOTER F\u0130RMALARINI DENETL\u0130YOR MU?\u201d<\/strong><\/p>\n\n\n\n<p>Son d\u00f6nemde, \u00f6zellikle de son g\u00fcnlerde 18 ya\u015f\u0131nda 2 gen\u00e7 hayat\u0131n\u0131 kaybetti yani \u201cB\u0131rak\u0131n\u0131z yaps\u0131nlar, b\u0131rak\u0131n\u0131z ge\u00e7sinler.\u201d modeli burada inan\u0131lmaz bir \u015fekilde i\u015fliyor; ger\u00e7ekten vah\u015fi kapitalizm. Birka\u00e7 \u015firkete \u00f6zel bir yetki verdiniz yani bunlar\u0131n ithal edilmesi ve piyasada kullan\u0131lmas\u0131yla ilgili ve \u015fu anda inan\u0131lmaz bir ter\u00f6r estiriliyor. Daha \u00f6nce bir d\u00fczenleme yapt\u0131n\u0131z; Almanya\u2019da kanun \u00e7\u0131kar\u0131ld\u0131 bununla ilgili. Gencecik \u00e7ocuklar\u0131m\u0131z\u0131 kaybediyoruz ve b\u00f6ylesine vah\u015fi bir \u015fekilde bunun kiralanmas\u0131, verilmesi, tekel durumda olanlar\u0131n denetlenmemesi can yak\u0131yor. Buna bir an \u00f6nce, Rekabet Kurumu da burada\u2026 Bu firmalara y\u00f6nelik bir denetim yapt\u0131lar m\u0131, yapt\u0131larsa da bunun a\u00e7\u0131klamas\u0131n\u0131 istiyoruz.\u201d<\/p>\n","protected":false},"excerpt":{"rendered":"<p>CHP Antalya Milletvekili ve Sanayi ve Ticaret Komisyonu \u00dcyesi \u00c7etin Osman Budak, T\u00fcrkiye\u2019nin d\u0131\u015f ticaret dengesinde ya\u015fanan bozulman\u0131n ekonomide \u00e7ok ciddi k\u0131r\u0131lganl\u0131klara neden oldu\u011funu s\u00f6yledi. TBMM Plan ve B\u00fct\u00e7e Komisyonunda Ticaret Bakanl\u0131\u011f\u0131 2023 y\u0131l\u0131 b\u00fct\u00e7esi g\u00f6r\u00fc\u015fmelerinde konu\u015fan Budak, \u201c Say\u0131n Ticaret Bakan\u0131 pandemi sonras\u0131 T\u00fcrkiye\u2019nin bir \u00fcretim \u00fcss\u00fc olaca\u011f\u0131n\u0131 s\u00f6yl\u00fcyor ama rakamlar Say\u0131n Bakan\u0131 desteklemiyor. [&hellip;]<\/p>\n","protected":false},"author":1,"featured_media":25170,"comment_status":"closed","ping_status":"open","sticky":false,"template":"","format":"standard","meta":[],"categories":[52,35],"tags":[],"amp_enabled":true,"_links":{"self":[{"href":"https:\/\/chpantalya.com\/index.php?rest_route=\/wp\/v2\/posts\/25465"}],"collection":[{"href":"https:\/\/chpantalya.com\/index.php?rest_route=\/wp\/v2\/posts"}],"about":[{"href":"https:\/\/chpantalya.com\/index.php?rest_route=\/wp\/v2\/types\/post"}],"author":[{"embeddable":true,"href":"https:\/\/chpantalya.com\/index.php?rest_route=\/wp\/v2\/users\/1"}],"replies":[{"embeddable":true,"href":"https:\/\/chpantalya.com\/index.php?rest_route=%2Fwp%2Fv2%2Fcomments&post=25465"}],"version-history":[{"count":0,"href":"https:\/\/chpantalya.com\/index.php?rest_route=\/wp\/v2\/posts\/25465\/revisions"}],"wp:featuredmedia":[{"embeddable":true,"href":"https:\/\/chpantalya.com\/index.php?rest_route=\/wp\/v2\/media\/25170"}],"wp:attachment":[{"href":"https:\/\/chpantalya.com\/index.php?rest_route=%2Fwp%2Fv2%2Fmedia&parent=25465"}],"wp:term":[{"taxonomy":"category","embeddable":true,"href":"https:\/\/chpantalya.com\/index.php?rest_route=%2Fwp%2Fv2%2Fcategories&post=25465"},{"taxonomy":"post_tag","embeddable":true,"href":"https:\/\/chpantalya.com\/index.php?rest_route=%2Fwp%2Fv2%2Ftags&post=25465"}],"curies":[{"name":"wp","href":"https:\/\/api.w.org\/{rel}","templated":true}]}}