{"id":25508,"date":"2022-11-11T11:08:37","date_gmt":"2022-11-11T08:08:37","guid":{"rendered":"https:\/\/chpantalya.com\/?p=25508"},"modified":"2022-11-18T13:29:25","modified_gmt":"2022-11-18T10:29:25","slug":"manavgat-yangin-magdurlarina-evleri-eksik-mi-teslim-ediliyor","status":"publish","type":"post","link":"https:\/\/chpantalya.com\/?p=25508","title":{"rendered":"MANAVGAT YANGIN MA\u011eDURLARINA EVLER\u0130 EKS\u0130K M\u0130 TESL\u0130M ED\u0130L\u0130YOR?"},"content":{"rendered":"\n<p>CHP\u2019li \u00d6zer, \u00c7evre Bakanl\u0131\u011f\u0131 b\u00fct\u00e7e g\u00f6r\u00fc\u015fmesinde Bakan Kurum\u2019a Manavgat yang\u0131n\u0131 ma\u011fdurlar\u0131na teslim edilen evlerdeki eksikleri sordu. \u00d6zer, \u201c\u00d6\u011frendi\u011fimize g\u00f6re i\u015f\u00e7ilik ve malzemeler k\u00f6t\u00fc, yama\u00e7 arazide istinat tedbirleri al\u0131nmam\u0131\u015f. Bu evlerin sa\u011flaml\u0131\u011f\u0131 konusunda sizin verdi\u011finiz garanti nedir?\u201d<\/p>\n\n\n\n<p>CHP Antalya Milletvekili Ayd\u0131n \u00d6zer, TBMM Plan ve B\u00fct\u00e7e Komisyonundaki \u00c7evre, \u015eehircilik ve \u0130klim De\u011fi\u015fikli\u011fi Bakanl\u0131\u011f\u0131n\u0131n b\u00fct\u00e7e g\u00f6r\u00fc\u015fmelerinde TOK\u0130 taraf\u0131ndan Manavgat yang\u0131n\u0131 ma\u011fdurlar\u0131 i\u00e7in yap\u0131lan evlerle ilgili iddialar\u0131 dile getirdi. Teslim edilen evlerde kullan\u0131lan malzemenin ve i\u015f\u00e7ili\u011fin k\u00f6t\u00fc oldu\u011fu, vatanda\u015flar\u0131n eksikleri kendi imkanlar\u0131yla tamamlamaya \u00e7al\u0131\u015ft\u0131klar\u0131n\u0131 belirten \u00d6zer, \u201cEvlerde herhangi bir hasar ger\u00e7ekle\u015fmesi durumunda Bakanl\u0131\u011f\u0131n\u0131z sorumluluk \u00fcstlenecek mi?\u201d diye sordu. Bakan Murat Kurum\u2019u sunumundaki &#8220;Yeni yuvalara kavu\u015fan milletimizin mutluluklar\u0131na \u015fahit olman\u0131z\u0131 dilerim&#8221; ifadesine de dikkat \u00e7eken \u00d6zer, \u201cSay\u0131n Bakan, san\u0131r\u0131m, insanlar sizin s\u00f6yledi\u011finiz kadar mutlu de\u011fil\u201d dedi.<\/p>\n\n\n\n<p><strong>VATANDA\u015e 200-700 B\u0130N BOR\u00c7LANDIRILDI<\/strong><\/p>\n\n\n\n<p>CHP\u2019li \u00d6zer\u2019in konu\u015fmas\u0131ndaki ba\u015fl\u0131klar ve Bakan Kurum\u2019a y\u00f6neltti\u011fi sorular \u015f\u00f6yle:<\/p>\n\n\n\n<ul><li>Bakanl\u0131\u011f\u0131n\u0131z yang\u0131nda evlerini, ah\u0131rlar\u0131n\u0131, depolar\u0131n\u0131 kaybedenler i\u00e7in yeni yap\u0131lar\u0131n yap\u0131lmas\u0131 y\u00f6n\u00fcnde TOK\u0130\u2019yi devreye soktu. Say\u0131larda yanl\u0131\u015fl\u0131k varsa l\u00fctfen d\u00fczeltin, toplamda 1.192 yap\u0131 i\u00e7in bir y\u0131lda tamamlama s\u00f6z\u00fc verildi, 255 ki\u015fiyle s\u00f6zle\u015fme imzaland\u0131 ve yang\u0131n\u0131n \u00fczerinden yakla\u015f\u0131k bir bu\u00e7uk y\u0131l ge\u00e7mesine ra\u011fmen evlerin 177&#8217;si sahiplerine teslim edildi. B\u00f6lgedeki k\u00f6yl\u00fclerin s\u00f6yledi\u011fine g\u00f6re mallar\u0131n\u0131, hayvanlar\u0131n\u0131 kaybeden bu insanlar TOK\u0130&#8217;ye en az 200 bin lirayla 700 bin lira aras\u0131nda bor\u00e7land\u0131r\u0131ld\u0131 yani hi\u00e7bir \u015fey bedelsiz yap\u0131lmad\u0131.<\/li><\/ul>\n\n\n\n<p><strong>EVLER EKS\u0130KS\u0130Z D\u0130YE \u0130MZA ATTIRILIYOR<\/strong><\/p>\n\n\n\n<ul><li>\u00d6\u011frendi\u011fimize g\u00f6re bu evlerdeki i\u015f\u00e7ilik ve kullan\u0131m malzemeleri k\u00f6t\u00fc. \u00d6rne\u011fin, kap\u0131lar pervaz yerinden s\u00f6k\u00fclecek ve \u00e7\u0131kacak kadar kalitesiz. Eksikliklere ve k\u00f6t\u00fc i\u015f\u00e7ili\u011fe ra\u011fmen evlerin teslim edildi\u011fine dair vatanda\u015flar imza at\u0131yor. Vatanda\u015f eksiklerini kendi \u00e7abas\u0131 ve imk\u00e2n\u0131yla yap\u0131yor. Yama\u00e7 arazide in\u015fa edilen evlerin \u00f6nlerine istinat tedbirleri dahi yap\u0131lmadan teslim edilmi\u015f. Yani bir toprak kaymas\u0131nda evler, insanlar risk alt\u0131nda. San\u0131r\u0131m, insanlar sizin s\u00f6yledi\u011finiz kadar mutlu de\u011fil. Sizin bu evlerin sa\u011flaml\u0131\u011f\u0131 konusunda verdi\u011finiz garanti nedir? Evlerde herhangi bir hasar ger\u00e7ekle\u015fmesi durumunda Bakanl\u0131\u011f\u0131n\u0131z sorumluluk \u00fcstlenecek mi?<\/li><\/ul>\n\n\n\n<p><strong>YANGINDAN DERS \u00c7IKARILDI MI?<\/strong><\/p>\n\n\n\n<ul><li>Bir ba\u015fka \u00f6nemli nokta ise, yang\u0131ndan ders \u00e7\u0131kar\u0131ld\u0131 m\u0131? Yaz aylar\u0131nda s\u0131cakl\u0131\u011f\u0131n 40 ile 50 derece aras\u0131nda seyretti\u011fi b\u00f6lgede ve benzeri yerlerde olas\u0131 yang\u0131nlara y\u00f6nelik neler yap\u0131lmas\u0131 gerekti\u011fi konusunda Bakanl\u0131k olarak, ilgili di\u011fer kurumlarla ortakla\u015fa bir plan yapt\u0131n\u0131z m\u0131? K\u00f6ylere yang\u0131n s\u00f6nd\u00fcrme istasyonlar\u0131 kuruldu mu? Yang\u0131n g\u00f6letleri say\u0131s\u0131 art\u0131r\u0131ld\u0131 m\u0131? Bir\u00e7ok k\u00f6y yolu dar oldu\u011fu i\u00e7in, s\u00f6nd\u00fcrme ara\u00e7lar\u0131 ula\u015f\u0131mda sorun ya\u015fam\u0131\u015ft\u0131, bunlarla ilgili bir \u00e7al\u0131\u015fma oldu mu? K\u00f6yl\u00fclere yang\u0131n s\u00f6nd\u00fcrme e\u011fitimleri verildi mi?<\/li><\/ul>\n\n\n\n<p><strong><em>**KUTU***<\/em><\/strong><\/p>\n\n\n\n<p><strong>SARIKAVAK DERES\u0130NDE DENET\u0130ME DEVAM ED\u0130LD\u0130 M\u0130?<\/strong><\/p>\n\n\n\n<p>CHP\u2019li \u00d6zer komisyondaki b\u00fct\u00e7e g\u00f6r\u00fc\u015fmesinde Bakan Kurum\u2019a Kur\u015funlu \u015eelalesi&#8217;ni besleyen Sar\u0131kavak Deresi&#8217;ndeki kirlili\u011fe dair de sorular y\u00f6neltti. \u00d6zer, konuyla ilgili verdi\u011fi \u00f6nergeyi ve gelen yan\u0131t\u0131 hat\u0131rlatarak \u015funlar\u0131 s\u00f6yledi:<\/p>\n\n\n\n<ul><li>Ge\u00e7en haziran ay\u0131nda \u00e7evredeki baz\u0131 tohum ve fide firmalar\u0131n\u0131n kimyasal at\u0131klar\u0131n\u0131 dereye d\u00f6kmeleri nedeniyle kirlilik ya\u015fand\u0131\u011f\u0131, gri ve bulan\u0131k renkli derenin tar\u0131msal sulamada ya da hayvanc\u0131l\u0131kta kullan\u0131lamad\u0131\u011f\u0131, bal\u0131klar\u0131n \u00f6lmesine neden olan pisli\u011fin Kur\u015funlu \u015eelalesi&#8217;ni tehdit etti\u011fi, Tar\u0131m ve Orman Bakanl\u0131\u011f\u0131n\u0131n incelemesinde kirlili\u011fin g\u00f6zlendi\u011fi ancak Bakanl\u0131\u011f\u0131n\u0131z\u0131n incelemesinde sonucun temiz \u00e7\u0131kt\u0131\u011f\u0131 iddialar\u0131na ili\u015fkin size bir \u00f6nerge vermi\u015ftik. \u00c7\u00fcnk\u00fc deredeki kirlilik \u00e7ekilen g\u00f6r\u00fcnt\u00fclerde a\u00e7\u0131k\u00e7a g\u00f6r\u00fclebiliyordu.<\/li><li>A\u011fustosta sizden yan\u0131t geldi, il m\u00fcd\u00fcrl\u00fc\u011f\u00fc personeli taraf\u0131ndan s\u00f6z konusu dere ve civar\u0131ndaki tesislerde gerekli denetimlerin yap\u0131ld\u0131\u011f\u0131 ama derede su ak\u0131\u015f\u0131 olmad\u0131\u011f\u0131 i\u00e7in dereden numune al\u0131namad\u0131\u011f\u0131, i\u015fletmelerin dereye herhangi bir at\u0131k b\u0131rakmad\u0131\u011f\u0131 y\u00f6n\u00fcnde bir bulguya rastlanmad\u0131\u011f\u0131 ifade edildi. Ayr\u0131ca, Bakanl\u0131\u011f\u0131n\u0131z\u0131n g\u00f6rev yetkilerinin kapsam\u0131nda il m\u00fcd\u00fcrl\u00fc\u011f\u00fcn\u00fczce denetimlere devam edilece\u011fi, ilgili y\u00f6netmeliklere ayk\u0131r\u0131 bir durum tespit edilirse idari i\u015flem uygulanaca\u011f\u0131 belirtildi.<\/li><\/ul>\n\n\n\n<p><strong>\u00c7EVREYE ZARARLI KA\u00c7 TES\u0130SE CEZA VER\u0130LD\u0130?<\/strong><\/p>\n\n\n\n<ul><li>Say\u0131n Bakan, Bakanl\u0131\u011f\u0131n\u0131z\u0131n g\u00f6rev ve yetkileri kapsam\u0131nda Sar\u0131kavak Deresi&#8217;nde denetimlere devam ettiniz mi? Dereden numune al\u0131nabilecek su ak\u0131\u015f\u0131na denk gelinmi\u015f midir? E\u011fer dere civar\u0131ndaki tesislere dereye at\u0131k b\u0131rakt\u0131\u011f\u0131 y\u00f6n\u00fcnde bir ize rastlanmad\u0131ysa denetim yapan personeliniz deredeki kirlili\u011fin olu\u015fumu nedeniyle ilgili herhangi bir rapor haz\u0131rlam\u0131\u015f m\u0131d\u0131r, b\u00f6yle bir rapor varsa durum nedir?<\/li><li>Ayr\u0131ca, Antalya&#8217;da son bir y\u0131lda ka\u00e7 tesis \u00e7evreye, do\u011faya, canl\u0131lara zarar verdi\u011fi nedeniyle denetime tabi tutulmu\u015ftur? Ka\u00e7 tesiste \u00c7evre Kanunu ve ilgili y\u00f6netmeliklere ayk\u0131r\u0131 bir husus tespit edilerek idari para cezas\u0131 uygulanm\u0131\u015ft\u0131r? Bu tesisler hangileridir; cezalar\u0131, gerek\u00e7eli hususlar\u0131 nelerdir? Denetimler ve cezalar sonucu ka\u00e7 tesis mevzuata uygun h\u00e2le getirilmi\u015ftir?<\/li><\/ul>\n","protected":false},"excerpt":{"rendered":"<p>CHP\u2019li \u00d6zer, \u00c7evre Bakanl\u0131\u011f\u0131 b\u00fct\u00e7e g\u00f6r\u00fc\u015fmesinde Bakan Kurum\u2019a Manavgat yang\u0131n\u0131 ma\u011fdurlar\u0131na teslim edilen evlerdeki eksikleri sordu. \u00d6zer, \u201c\u00d6\u011frendi\u011fimize g\u00f6re i\u015f\u00e7ilik ve malzemeler k\u00f6t\u00fc, yama\u00e7 arazide istinat tedbirleri al\u0131nmam\u0131\u015f. Bu evlerin sa\u011flaml\u0131\u011f\u0131 konusunda sizin verdi\u011finiz garanti nedir?\u201d CHP Antalya Milletvekili Ayd\u0131n \u00d6zer, TBMM Plan ve B\u00fct\u00e7e Komisyonundaki \u00c7evre, \u015eehircilik ve \u0130klim De\u011fi\u015fikli\u011fi Bakanl\u0131\u011f\u0131n\u0131n b\u00fct\u00e7e g\u00f6r\u00fc\u015fmelerinde TOK\u0130 [&hellip;]<\/p>\n","protected":false},"author":1,"featured_media":25510,"comment_status":"closed","ping_status":"open","sticky":false,"template":"","format":"standard","meta":[],"categories":[60,35],"tags":[],"amp_enabled":true,"_links":{"self":[{"href":"https:\/\/chpantalya.com\/index.php?rest_route=\/wp\/v2\/posts\/25508"}],"collection":[{"href":"https:\/\/chpantalya.com\/index.php?rest_route=\/wp\/v2\/posts"}],"about":[{"href":"https:\/\/chpantalya.com\/index.php?rest_route=\/wp\/v2\/types\/post"}],"author":[{"embeddable":true,"href":"https:\/\/chpantalya.com\/index.php?rest_route=\/wp\/v2\/users\/1"}],"replies":[{"embeddable":true,"href":"https:\/\/chpantalya.com\/index.php?rest_route=%2Fwp%2Fv2%2Fcomments&post=25508"}],"version-history":[{"count":0,"href":"https:\/\/chpantalya.com\/index.php?rest_route=\/wp\/v2\/posts\/25508\/revisions"}],"wp:featuredmedia":[{"embeddable":true,"href":"https:\/\/chpantalya.com\/index.php?rest_route=\/wp\/v2\/media\/25510"}],"wp:attachment":[{"href":"https:\/\/chpantalya.com\/index.php?rest_route=%2Fwp%2Fv2%2Fmedia&parent=25508"}],"wp:term":[{"taxonomy":"category","embeddable":true,"href":"https:\/\/chpantalya.com\/index.php?rest_route=%2Fwp%2Fv2%2Fcategories&post=25508"},{"taxonomy":"post_tag","embeddable":true,"href":"https:\/\/chpantalya.com\/index.php?rest_route=%2Fwp%2Fv2%2Ftags&post=25508"}],"curies":[{"name":"wp","href":"https:\/\/api.w.org\/{rel}","templated":true}]}}