{"id":25560,"date":"2022-11-16T15:14:07","date_gmt":"2022-11-16T12:14:07","guid":{"rendered":"https:\/\/chpantalya.com\/?p=25560"},"modified":"2022-11-16T15:14:10","modified_gmt":"2022-11-16T12:14:10","slug":"yoruk-enstitusu-kurulmasi-akp-ve-mhp-oylari-ile-reddedildi%ef%bb%bf","status":"publish","type":"post","link":"https:\/\/chpantalya.com\/?p=25560","title":{"rendered":"Y\u00d6R\u00dcK ENST\u0130T\u00dcS\u00dc KURULMASI AKP VE MHP OYLARI \u0130LE REDDED\u0130LD\u0130\ufeff"},"content":{"rendered":"\n<p>CHP Antalya Milletvekili\nve TBMM Adalet Komisyonu \u00dcyesi Rafet Zeybek, Y\u00fcksek\u00f6\u011fretim Kurumlar\u0131 Te\u015fkilat\u0131\nKanununun 23\u2019\u00fcnc\u00fc maddesinin (d) bendine yap\u0131lacak d\u00fczenleme ile Akdeniz\n\u00dcniversitesi b\u00fcnyesinde \u201cY\u00f6r\u00fck Ara\u015ft\u0131rmalar\u0131 Enstit\u00fcs\u00fc\u201d kurulmas\u0131 amac\u0131 ile\nverdi\u011fi kanun teklifi TBMM Genel Kurulunda g\u00f6r\u00fc\u015f\u00fcld\u00fc. Teklif sahibi Antalya\nMilletvekili Rafet Zeybek, Genel Kurulda yapt\u0131\u011f\u0131 konu\u015fmada \u015funlar\u0131 ifade etti; <\/p>\n\n\n\n<p><strong>Y\u00d6R\u00dcK-T\u00dcRKMEN\nK\u00dcLT\u00dcR\u00dcN\u00dc GELECE\u011eE TA\u015eIMALIYIZ<\/strong><\/p>\n\n\n\n<p>\u201cK\u00fclt\u00fcr toplumlar\u0131n\nvazge\u00e7ilmezidir, birlikteli\u011fidir, dayan\u0131\u015fmas\u0131d\u0131r, karde\u015fli\u011fidir. K\u00fclt\u00fcr\u00fcn\u00fc\nkaybeden bir toplum gelece\u011fini kaybetmi\u015f demektir, yok olup gider. Biz de\ntarihten gelen k\u00fclt\u00fcrlerimizi ya\u015fatma gayreti i\u00e7erisindeyiz. Bu anlamda, hem\nOrta Asya&#8217;daki hem oradan T\u00fcrkiye&#8217;ye gelen Y\u00f6r\u00fck ve T\u00fcrkmenler y\u00fczy\u0131llard\u0131r\nT\u00fcrk k\u00fclt\u00fcr\u00fcn\u00fcn, T\u00fcrkmen k\u00fclt\u00fcr\u00fcn\u00fcn vazge\u00e7ilmezleridir. Bu nedenle biz Y\u00f6r\u00fck ve\nT\u00fcrkmen k\u00fclt\u00fcr\u00fcn\u00fc d\u00fcn oldu\u011fu gibi bug\u00fcn de ya\u015fatmak, gelece\u011fe ta\u015f\u0131mak\nzorunday\u0131z.<\/p>\n\n\n\n<p>Akdeniz \u00dcniversitesinde\nkurulacak bir Y\u00f6r\u00fck T\u00fcrkmen enstit\u00fcs\u00fc bu k\u00fclt\u00fcr hakk\u0131nda bilimsel yanlar\u0131yla da\ngerekli ara\u015ft\u0131rmalar\u0131 yapacakt\u0131r. Bir Y\u00f6r\u00fck T\u00fcrkmen enstit\u00fcs\u00fcne ihtiya\u00e7 oldu\u011fu\ni\u00e7in bu kanun teklifini verdim.<\/p>\n\n\n\n<p>T\u00fcrkiye&#8217;de 1.200\ncivar\u0131nda Y\u00f6r\u00fck T\u00fcrkmen derne\u011fi var, 22 tane Y\u00f6r\u00fck T\u00fcrkmen federasyonu var, 2\ntane Y\u00f6r\u00fck T\u00fcrkmen konfederasyonu var, 1 tane de birlik var. Her y\u0131l bu\n1.200&#8217;\u00fcn \u00fczerindeki dernek Y\u00f6r\u00fck T\u00fcrkmen \u015f\u00f6lenleri d\u00fczenliyorlar. On binlerce\nvatanda\u015f bu festivallerde k\u00fclt\u00fcrlerini ya\u015fatman\u0131n heyecan\u0131n\u0131 ya\u015f\u0131yorlar,\nsevincini ya\u015f\u0131yorlar. Bu kadar geni\u015f bir kesimi kapsayan b\u00f6yle bir k\u00fclt\u00fcr\u00fcn\ngelece\u011fe ta\u015f\u0131nmas\u0131n\u0131n yolu bilimsel a\u00e7\u0131dan da bu k\u00fclt\u00fcr\u00fcn takip edilmesi,\nara\u015ft\u0131r\u0131lmas\u0131 bir zorunluluktur. <\/p>\n\n\n\n<p>&#8220;Turfanda&#8221;\nkelimesini duymu\u015fuzdur. Art\u0131k, seralar sayesinde her mevsimde meyve, sebze\nyeti\u015ftiriliyor ama benim gen\u00e7li\u011fimde turfanda meyve ve sebze yeti\u015ftirme\nm\u00fccadelesi verilirdi. Turfanda, Orta Asya&#8217;da bir b\u00f6lgenin ismi ama bu b\u00f6lgenin\n\u00f6zelli\u011fi deniz seviyesinden 60 metre daha d\u00fc\u015f\u00fck olmas\u0131 yani rak\u0131m\u0131 -60 ama\norada yeterli su yok. Atalar\u0131m\u0131z 35 kilometre uzakl\u0131ktan, yerin 100 metre\nderininden t\u00fcnel kazarak o ovaya su getiriyor, k\u0131\u015f\u0131n meyve, sebze yeti\u015ftiriyor.\nHem kendi ihtiyac\u0131n\u0131 kar\u015f\u0131l\u0131yor hem de ihra\u00e7 ediyor ve o &#8220;turfanda&#8221;\nbizim k\u00fclt\u00fcr\u00fcm\u00fczde, erken yeti\u015ftirilen meyve ve sebze olarak tarihe ge\u00e7iyor. <\/p>\n\n\n\n<p>Turfanday\u0131 bilmeyen\nvatanda\u015flar\u0131m\u0131z &#8220;Turfanda nedir?&#8221; dedi\u011fin zaman &#8220;Erken\nyeti\u015ftirme.&#8221; diyordu ama ismi niye turfanda, bilmiyordu. Bu i\u015fte bilimsel\nbir \u00e7al\u0131\u015fman\u0131n sonucu ortaya \u00e7\u0131kar\u0131labildi. Y\u00f6r\u00fcklerin, T\u00fcrkmenlerin k\u00fclt\u00fcr\u00fcnde\nolan, ya\u015fanm\u0131\u015fl\u0131klar\u0131 olan bu t\u00fcr de\u011ferleri ya\u015fatmak i\u00e7in bir enstit\u00fcye ihtiya\u00e7\nvard\u0131r.\u201d<\/p>\n\n\n\n<p><strong>Y\u00d6R\u00dcK\nENST\u0130T\u00dcS\u00dc KURULMASI AKP VE MHP OYLARI \u0130LE REDDED\u0130LD\u0130<\/strong><\/p>\n\n\n\n<p>Akdeniz \u00dcniversitesi\nb\u00fcnyesinde Y\u00f6r\u00fck Enstit\u00fcs\u00fc kurulmas\u0131na dair verilen kanun teklifi AKP ve MHP\noylar\u0131 reddedildi. Teklif sahibi CHP\u2019li Zeybek, oylama sonras\u0131 yapt\u0131\u011f\u0131\na\u00e7\u0131klamada \u015funlar\u0131 belirtti; \u201cKadim Y\u00f6r\u00fck-T\u00fcrkmen K\u00fclt\u00fcr\u00fcn\u00fcn bilimsel\nara\u015ft\u0131rmalar\u0131nda \u00f6nc\u00fc olmas\u0131 i\u00e7in kurulmas\u0131n\u0131 teklif etti\u011fimiz Y\u00f6r\u00fck Enstit\u00fcs\u00fc,\nne yaz\u0131k ki AKP ve MHP oylar\u0131 ile reddedildi.&nbsp;\nSiyasi iktidar\u0131n bu \u00fclkenin k\u00fclt\u00fcrel ve bilimsel geli\u015fimine katk\u0131\nsa\u011flayacak \u00f6nerilere bile tahamm\u00fcl\u00fcn\u00fcn olmad\u0131\u011f\u0131n\u0131 g\u00f6rm\u00fc\u015f olduk. Ancak se\u00e7imden\nsonra halk\u0131n iktidar\u0131nda bu konunun hayata ge\u00e7mesi i\u00e7in tekrar elimizden geleni\nyapaca\u011f\u0131z, Y\u00f6r\u00fcklere ve tarihe kar\u015f\u0131 olan s\u00f6z\u00fcm\u00fcz\u00fc tutaca\u011f\u0131z.\u201d&nbsp;&nbsp; <\/p>\n","protected":false},"excerpt":{"rendered":"<p>CHP Antalya Milletvekili ve TBMM Adalet Komisyonu \u00dcyesi Rafet Zeybek, Y\u00fcksek\u00f6\u011fretim Kurumlar\u0131 Te\u015fkilat\u0131 Kanununun 23\u2019\u00fcnc\u00fc maddesinin (d) bendine yap\u0131lacak d\u00fczenleme ile Akdeniz \u00dcniversitesi b\u00fcnyesinde \u201cY\u00f6r\u00fck Ara\u015ft\u0131rmalar\u0131 Enstit\u00fcs\u00fc\u201d kurulmas\u0131 amac\u0131 ile verdi\u011fi kanun teklifi TBMM Genel Kurulunda g\u00f6r\u00fc\u015f\u00fcld\u00fc. Teklif sahibi Antalya Milletvekili Rafet Zeybek, Genel Kurulda yapt\u0131\u011f\u0131 konu\u015fmada \u015funlar\u0131 ifade etti; Y\u00d6R\u00dcK-T\u00dcRKMEN K\u00dcLT\u00dcR\u00dcN\u00dc GELECE\u011eE TA\u015eIMALIYIZ \u201cK\u00fclt\u00fcr [&hellip;]<\/p>\n","protected":false},"author":1,"featured_media":25159,"comment_status":"closed","ping_status":"open","sticky":false,"template":"","format":"standard","meta":[],"categories":[62],"tags":[],"amp_enabled":true,"_links":{"self":[{"href":"https:\/\/chpantalya.com\/index.php?rest_route=\/wp\/v2\/posts\/25560"}],"collection":[{"href":"https:\/\/chpantalya.com\/index.php?rest_route=\/wp\/v2\/posts"}],"about":[{"href":"https:\/\/chpantalya.com\/index.php?rest_route=\/wp\/v2\/types\/post"}],"author":[{"embeddable":true,"href":"https:\/\/chpantalya.com\/index.php?rest_route=\/wp\/v2\/users\/1"}],"replies":[{"embeddable":true,"href":"https:\/\/chpantalya.com\/index.php?rest_route=%2Fwp%2Fv2%2Fcomments&post=25560"}],"version-history":[{"count":0,"href":"https:\/\/chpantalya.com\/index.php?rest_route=\/wp\/v2\/posts\/25560\/revisions"}],"wp:featuredmedia":[{"embeddable":true,"href":"https:\/\/chpantalya.com\/index.php?rest_route=\/wp\/v2\/media\/25159"}],"wp:attachment":[{"href":"https:\/\/chpantalya.com\/index.php?rest_route=%2Fwp%2Fv2%2Fmedia&parent=25560"}],"wp:term":[{"taxonomy":"category","embeddable":true,"href":"https:\/\/chpantalya.com\/index.php?rest_route=%2Fwp%2Fv2%2Fcategories&post=25560"},{"taxonomy":"post_tag","embeddable":true,"href":"https:\/\/chpantalya.com\/index.php?rest_route=%2Fwp%2Fv2%2Ftags&post=25560"}],"curies":[{"name":"wp","href":"https:\/\/api.w.org\/{rel}","templated":true}]}}