{"id":25573,"date":"2022-11-17T12:33:58","date_gmt":"2022-11-17T09:33:58","guid":{"rendered":"https:\/\/chpantalya.com\/?p=25573"},"modified":"2022-11-17T12:35:21","modified_gmt":"2022-11-17T09:35:21","slug":"25573","status":"publish","type":"post","link":"https:\/\/chpantalya.com\/?p=25573","title":{"rendered":"ANTALYA\u2019DA \u00c7\u0130FT\u00c7\u0130 SADECE KEND\u0130NE YETECEK KADAR EK\u0130M YAPAB\u0130L\u0130YOR"},"content":{"rendered":"\n<p>CHP Antalya Milletvekili ve TBMM Adalet Komisyonu \u00dcyesi Rafet Zeybek, TBMM Genel Kurulu\u2019nda yapt\u0131\u011f\u0131 g\u00fcndem d\u0131\u015f\u0131 konu\u015fmada Antalya\u2019n\u0131n sorunlar\u0131na ve \u00e7\u00f6z\u00fcm \u00f6nerilerine de\u011findi.<\/p>\n\n\n\n<p>CHP\u2019li Zeybek yapt\u0131\u011f\u0131 konu\u015fmada Antalya\u2019n\u0131n tar\u0131m\u0131n ve turizmin ba\u015fkenti oldu\u011funu belirtirken, Antalya tar\u0131m\u0131n\u0131n ve \u00fcreticisinin ya\u015fad\u0131\u011f\u0131 sorunlara dair a\u00e7\u0131klamalarda bulundu.<\/p>\n\n\n\n<p>Antalya\u2019da \u00e7ift\u00e7inin ya\u015fad\u0131\u011f\u0131 sorunlar\u0131n, \u00fclkenin t\u00fcm \u00fcreticileri i\u00e7inde ge\u00e7erli oldu\u011funu vurgulayan Zeybek, tar\u0131m\u0131n T\u00fcrkiye i\u00e7in stratejik bir alan oldu\u011funu, sanayi devrimine ge\u00e7 kalm\u0131\u015f rekabet g\u00fcc\u00fc az olan bir \u00fclke olarak, bu a\u00e7\u0131\u011f\u0131 verimli ve b\u00fcy\u00fck arazilerimizle tar\u0131mla kapatarak d\u00fcnyada ilk s\u0131rada yer al\u0131nabilece\u011fini belirtti.<\/p>\n\n\n\n<p>CHP Antalya Milletvekili Zeybek, yapt\u0131\u011f\u0131 konu\u015fman\u0131n devam\u0131nda \u015fu ifadeleri kulland\u0131;<\/p>\n\n\n\n<p><strong>ANTALYA\u2019DA \u00c7\u0130FT\u00c7\u0130 SADECE KEND\u0130NE YETECEK KADAR EK\u0130M YAPAB\u0130L\u0130YOR<\/strong><\/p>\n\n\n\n<p>\u201cD\u00fcnyan\u0131n ileride ya\u015fayaca\u011f\u0131 \u00fc\u00e7 temel sorundan biri enerji, biri iklim, biri de g\u0131dad\u0131r. Biz g\u0131da konusunda ger\u00e7ekten gelecekte ya\u015fanacak o s\u0131k\u0131nt\u0131lar\u0131n \u00f6n\u00fcne ge\u00e7ebilmek i\u00e7in bug\u00fcnden gerekli tedbirleri almak zorunday\u0131z. Tar\u0131m\u0131n ayakta kalmas\u0131n\u0131n tek yolu devlet deste\u011fidir, b\u00fct\u00fcn d\u00fcnyada b\u00f6yledir. Devlet deste\u011fi olmadan \u00e7ift\u00e7inin b\u00fcy\u00fcmesini sa\u011flamak, ayakta kalmas\u0131n\u0131 sa\u011flamak m\u00fcmk\u00fcn de\u011fildir. Bunun i\u00e7in diyoruz ki \u00e7ift\u00e7iye daha \u00e7ok destek bizim a\u00e7\u0131k vaadimizdir. \u00c7ift\u00e7iler i\u00e7in mazottan KDV&#8217;yi kald\u0131raca\u011f\u0131z, mazotun yar\u0131s\u0131n\u0131 ya da belli bir oran\u0131n\u0131 devlet taraf\u0131ndan kar\u015f\u0131layaca\u011f\u0131z. Tar\u0131mda taban fiyat uygulamas\u0131 getirece\u011fiz. Girdiler, daha do\u011frusu maliyet art\u0131, makul k\u00e2r e\u015fittir taban fiyat diyece\u011fiz. \u00c7ift\u00e7iler bunun \u00fczerinde fiyatla satabiliyorlarsa da satacaklar devlet bunun garantisi olacak diyoruz.<\/p>\n\n\n\n<p>Ekin ekme zaman\u0131. Hafta sonu memleketim Serik&#8217;teydim, k\u00f6y\u00fcmdeydim. Daha \u00f6nce 40-50 d\u00f6n\u00fcm pamuk eken ye\u011fenim &#8220;Amca 5 d\u00f6n\u00fcm ekece\u011fim.&#8221; dedi. Neden dedim ya, niye bo\u015f kalacak bu araziler? Zarar ediyorum, zarar. Yani kendime yetecek kadar ancak \u00fcretebilece\u011fim. Ge\u00e7en y\u0131l mazotun kas\u0131mdaki fiyat\u0131 8 lirayd\u0131, bug\u00fcn 25 lira, y\u00fczde 200&#8217;\u00fcn \u00fczerindeki art\u0131\u015f. G\u00fcbre ge\u00e7en y\u0131l \u00e7uval\u0131 350 lira, g\u00fcbrenin bug\u00fcn fiyat\u0131 850 lira, alam\u0131yor, hem mazottaki y\u00fcksek fiyat hem \u00fcr\u00fcn\u00fcn\u00fc ayakta tutabilmesi i\u00e7in atmas\u0131 gereken g\u00fcbredeki bu art\u0131\u015f \u00e7ift\u00e7iye \u00fcretmekten geri b\u0131rakt\u0131, \u00fcretmiyor, &#8220;Kendime yeteni \u00fcretece\u011fim.&#8221; diyor. E\u011fer \u00e7ift\u00e7ilerin her ge\u00e7en g\u00fcn tar\u0131m arazilerinin \u00fcretimi d\u00fc\u015f\u00fcyorsa bu bir devlet sorunudur, bunu ancak devlet deste\u011fiyle a\u015fabiliriz.<\/p>\n\n\n\n<p>T\u00fcrkiye&#8217;de tar\u0131m\u0131n ne kadar \u00f6nemli oldu\u011funu bilin, iki y\u0131l i\u00e7erisinde Trakya b\u00fcy\u00fckl\u00fc\u011f\u00fcnde tar\u0131m arazisi ekim d\u0131\u015f\u0131 kalmas\u0131n. E\u011fer \u00fcretemiyorsan\u0131z Konya gibi bir ovas\u0131 olan \u00fclkede bu\u011fday\u0131 sava\u015fan Ukrayna&#8217;dan ve Rusya&#8217;dan almak zorunda kal\u0131rs\u0131n\u0131z ve oradan bu\u011fday ithal ettik diye sevinirsiniz. Ay\u0131pt\u0131r, yaz\u0131kt\u0131r. Konya Ovas\u0131 olan bir \u00fclkede bu\u011fday ithal ediliyorsa bu devletin ay\u0131b\u0131d\u0131r.<\/p>\n\n\n\n<p>Bu \u00e7ift\u00e7ileri bu kadar ihmal etmeyin. Bu \u00fclkenin gelece\u011fini kurtaracak olan tar\u0131md\u0131r.\u201d<\/p>\n","protected":false},"excerpt":{"rendered":"<p>CHP Antalya Milletvekili ve TBMM Adalet Komisyonu \u00dcyesi Rafet Zeybek, TBMM Genel Kurulu\u2019nda yapt\u0131\u011f\u0131 g\u00fcndem d\u0131\u015f\u0131 konu\u015fmada Antalya\u2019n\u0131n sorunlar\u0131na ve \u00e7\u00f6z\u00fcm \u00f6nerilerine de\u011findi. CHP\u2019li Zeybek yapt\u0131\u011f\u0131 konu\u015fmada Antalya\u2019n\u0131n tar\u0131m\u0131n ve turizmin ba\u015fkenti oldu\u011funu belirtirken, Antalya tar\u0131m\u0131n\u0131n ve \u00fcreticisinin ya\u015fad\u0131\u011f\u0131 sorunlara dair a\u00e7\u0131klamalarda bulundu. Antalya\u2019da \u00e7ift\u00e7inin ya\u015fad\u0131\u011f\u0131 sorunlar\u0131n, \u00fclkenin t\u00fcm \u00fcreticileri i\u00e7inde ge\u00e7erli oldu\u011funu vurgulayan Zeybek, [&hellip;]<\/p>\n","protected":false},"author":1,"featured_media":23143,"comment_status":"closed","ping_status":"open","sticky":false,"template":"","format":"standard","meta":[],"categories":[35,62],"tags":[],"amp_enabled":true,"_links":{"self":[{"href":"https:\/\/chpantalya.com\/index.php?rest_route=\/wp\/v2\/posts\/25573"}],"collection":[{"href":"https:\/\/chpantalya.com\/index.php?rest_route=\/wp\/v2\/posts"}],"about":[{"href":"https:\/\/chpantalya.com\/index.php?rest_route=\/wp\/v2\/types\/post"}],"author":[{"embeddable":true,"href":"https:\/\/chpantalya.com\/index.php?rest_route=\/wp\/v2\/users\/1"}],"replies":[{"embeddable":true,"href":"https:\/\/chpantalya.com\/index.php?rest_route=%2Fwp%2Fv2%2Fcomments&post=25573"}],"version-history":[{"count":0,"href":"https:\/\/chpantalya.com\/index.php?rest_route=\/wp\/v2\/posts\/25573\/revisions"}],"wp:featuredmedia":[{"embeddable":true,"href":"https:\/\/chpantalya.com\/index.php?rest_route=\/wp\/v2\/media\/23143"}],"wp:attachment":[{"href":"https:\/\/chpantalya.com\/index.php?rest_route=%2Fwp%2Fv2%2Fmedia&parent=25573"}],"wp:term":[{"taxonomy":"category","embeddable":true,"href":"https:\/\/chpantalya.com\/index.php?rest_route=%2Fwp%2Fv2%2Fcategories&post=25573"},{"taxonomy":"post_tag","embeddable":true,"href":"https:\/\/chpantalya.com\/index.php?rest_route=%2Fwp%2Fv2%2Ftags&post=25573"}],"curies":[{"name":"wp","href":"https:\/\/api.w.org\/{rel}","templated":true}]}}