{"id":25631,"date":"2022-11-25T11:56:37","date_gmt":"2022-11-25T08:56:37","guid":{"rendered":"https:\/\/chpantalya.com\/?p=25631"},"modified":"2022-11-25T11:56:40","modified_gmt":"2022-11-25T08:56:40","slug":"lise-bahcesine-anaokulu-meclis-gundeminde","status":"publish","type":"post","link":"https:\/\/chpantalya.com\/?p=25631","title":{"rendered":"L\u0130SE BAH\u00c7ES\u0130NE ANAOKULU MECL\u0130S G\u00dcNDEM\u0130NDE"},"content":{"rendered":"\n<p>CHP Antalya Milletvekili ve TBMM Adalet Komisyonu \u00dcyesi Rafet Zeybek, Antalya Muratpa\u015fa Anadolu Lisesi bah\u00e7esine yap\u0131lmakta olan prefabrik anaokulunu Milli E\u011fitim Bakan\u0131 Mahmut \u00d6zer\u2019in yan\u0131tlamas\u0131 istemiyle verdi\u011fi soru \u00f6nergesi ile TBMM g\u00fcndemine ta\u015f\u0131d\u0131.<\/p>\n\n\n\n<p><strong>L\u0130SE BAH\u00c7ES\u0130NE ANAOKULU MECL\u0130S G\u00dcNDEM\u0130NDE<\/strong><\/p>\n\n\n\n<p>CHP Antalya Milletvekili Zeybek, Antalya Muratpa\u015fa Anadolu Lisesi bah\u00e7esine prefabrik anaokulu in\u015fa edilmesinin yarataca\u011f\u0131 sorunlar\u0131n veliler ve \u00f6\u011fretmenler taraf\u0131ndan g\u00fcndeme ta\u015f\u0131nmas\u0131na ra\u011fmen, lise bah\u00e7esine oldubitti ile anaokulu yap\u0131lmas\u0131n\u0131n gerek\u00e7esinin a\u00e7\u0131klanmas\u0131 gerekti\u011fini belirtti. CHP\u2019li Zeybek, okul yap\u0131lmas\u0131na kar\u015f\u0131 olmad\u0131klar\u0131n\u0131n aksine \u00f6\u011frenciler \u00f6zellikle de okul \u00f6ncesi \u00f6\u011frenciler i\u00e7in anaokulu yap\u0131lmas\u0131n\u0131n iyi oldu\u011funu ancak bu okulun neden bir ba\u015fka okulun bah\u00e7esine yap\u0131ld\u0131\u011f\u0131n\u0131n a\u00e7\u0131klanmas\u0131n\u0131n gerekti\u011fini belirtirken, bu in\u015faat\u0131n b\u00fct\u00e7esi ve ihale s\u00fcrecinin ise hala belirsizli\u011fini korudu\u011funu belirtti.<\/p>\n\n\n\n<p><strong>RANT \u0130\u00c7\u0130N KUPON ARAZ\u0130 VAR AMA ANAOKULU \u0130\u00c7\u0130N ARAZ\u0130 YOK<\/strong><\/p>\n\n\n\n<p>CHP\u2019li Zeybek verdi\u011fi soru \u00f6nergesi sonras\u0131 yapt\u0131\u011f\u0131 yaz\u0131l\u0131 a\u00e7\u0131klamada \u015fu ifadeleri kulland\u0131; \u201cLise \u00e7a\u011f\u0131ndaki \u00f6\u011frencilerin bulundu\u011fu bir alana okul \u00f6ncesi \u00f6\u011frencilerin bulunaca\u011f\u0131 bir yap\u0131n\u0131n yap\u0131lacak olmas\u0131na \u00f6\u011frenci velilerinin, sendikalar\u0131n ve \u00f6\u011fretmenlerin hakl\u0131 itirazlar\u0131 bulunmaktad\u0131r. Ayr\u0131ca mevcut lise bah\u00e7esinde \u00f6\u011frencilerin kullan\u0131m alan\u0131n\u0131 da daraltan bu uygulaman\u0131n yarataca\u011f\u0131 fiziki s\u0131k\u0131nt\u0131larda ya\u015fanacakt\u0131r. Rant i\u00e7in onlarca kupon arazi bulan AKP, anaokulu i\u00e7in arazi bulamay\u0131p ba\u015fka, bir okulun bah\u00e7esini mi bulmu\u015ftur. AKP\u2019nin e\u011fitim politikas\u0131 da di\u011fer t\u00fcm politikalar\u0131 gibi iflas etmi\u015ftir, bilimsellikten uzak, oldubitti ile yap\u0131lan prefabrik yap\u0131larda hem okuyan \u00f6\u011frencileri, hem de bah\u00e7esi daralan di\u011fer lise \u00f6\u011frencilerini de ma\u011fdur edecektir. Bu uygulamada ayr\u0131ca ihale s\u00fcreci de \u015feffaf de\u011fildir, bu yap\u0131y\u0131 hangi firma ka\u00e7a yapmaktad\u0131r, bir di\u011fer konu ise bu uygulaman\u0131n Antalya\u2019da ba\u015fka okul bah\u00e7elerinde de yap\u0131laca\u011f\u0131na dair iddialard\u0131r. Bunlar\u0131n netlik kazanmas\u0131 \u015fartt\u0131r.\u201d<\/p>\n\n\n\n<p>CHP Antalya Milletvekili Rafet Zeybek verdi\u011fi \u00f6nergede \u015fu sorulara yer verdi;<\/p>\n\n\n\n<p>Antalya Muratpa\u015fa Anadolu Lisesi bah\u00e7esine anaokulu yap\u0131lmas\u0131n\u0131n gerek\u00e7esi nedir?<\/p>\n\n\n\n<p>Muratpa\u015fa Anadolu Lisesi bah\u00e7esine anaokulu yap\u0131lmas\u0131n\u0131n yarataca\u011f\u0131 pedagojik sorunlar \u00fczerine bakanl\u0131\u011f\u0131n yapm\u0131\u015f oldu\u011fu bir \u00e7al\u0131\u015fma ya da de\u011ferlendirme var m\u0131d\u0131r? Var ise sonu\u00e7lar\u0131 nedir?<\/p>\n\n\n\n<p>Muratpa\u015fa Anadolu Lisesi bah\u00e7esine yap\u0131lacak anaokulu ihalesi yap\u0131lm\u0131\u015f m\u0131d\u0131r? Yap\u0131lm\u0131\u015f ise bu ihaleyi hangi firma, ne kadar tutara alm\u0131\u015ft\u0131r?<\/p>\n\n\n\n<p>Muratpa\u015fa Anadolu Lisesi bah\u00e7esine anaokulu yap\u0131lmas\u0131 ile lise \u00f6\u011frencilerinin ve \u00f6\u011fretmenlerinin dinlenebildi\u011fi bah\u00e7e alan\u0131n\u0131n daralmas\u0131n\u0131n yarataca\u011f\u0131 sorunlar \u00fczerine \u00e7al\u0131\u015fma yap\u0131lm\u0131\u015f m\u0131d\u0131r?<\/p>\n\n\n\n<p>Muratpa\u015fa Anadolu Lisesi\u2019nin laboratuvar, resim, m\u00fczik odas\u0131 ve benzeri eksiklikleri var m\u0131d\u0131r? Var ise bu eksikliklerin tamamlanmas\u0131 yerine anaokuluna b\u00fct\u00e7e ayr\u0131lmas\u0131na hangi yetkili merci karar vermi\u015ftir?<\/p>\n\n\n\n<p>Muratpa\u015fa Anadolu Lisesi bah\u00e7esine anaokulu yap\u0131lmas\u0131 ile g\u00fcndeme gelen proje dikkate al\u0131nd\u0131\u011f\u0131nda Antalya\u2019da buna benzer lise ve ortaokul bah\u00e7elerine yeni anaokullar\u0131 yap\u0131lmas\u0131 planlanmakta m\u0131d\u0131r? Planlanmakta ise hangi okullar\u0131n bah\u00e7esine ka\u00e7 tane anaokulu in\u015fa edilecektir?<\/p>\n\n\n\n<p>Muratpa\u015fa Anadolu Lisesi bah\u00e7esine anaokulu yap\u0131lmas\u0131 ile g\u00fcndeme gelen proje Avrupa Birli\u011fi ile yap\u0131lan bir protokol sonucu mu yap\u0131lmaktad\u0131r? Bu protokol\u00fcn detaylar\u0131 nedir? Bu proje i\u00e7in AB\u2019den sa\u011flanan b\u00fct\u00e7e var m\u0131d\u0131r? Var ise bu b\u00fct\u00e7e nedir?<\/p>\n","protected":false},"excerpt":{"rendered":"<p>CHP Antalya Milletvekili ve TBMM Adalet Komisyonu \u00dcyesi Rafet Zeybek, Antalya Muratpa\u015fa Anadolu Lisesi bah\u00e7esine yap\u0131lmakta olan prefabrik anaokulunu Milli E\u011fitim Bakan\u0131 Mahmut \u00d6zer\u2019in yan\u0131tlamas\u0131 istemiyle verdi\u011fi soru \u00f6nergesi ile TBMM g\u00fcndemine ta\u015f\u0131d\u0131. L\u0130SE BAH\u00c7ES\u0130NE ANAOKULU MECL\u0130S G\u00dcNDEM\u0130NDE CHP Antalya Milletvekili Zeybek, Antalya Muratpa\u015fa Anadolu Lisesi bah\u00e7esine prefabrik anaokulu in\u015fa edilmesinin yarataca\u011f\u0131 sorunlar\u0131n veliler ve [&hellip;]<\/p>\n","protected":false},"author":2333,"featured_media":25159,"comment_status":"closed","ping_status":"open","sticky":false,"template":"","format":"standard","meta":[],"categories":[35,62],"tags":[],"amp_enabled":true,"_links":{"self":[{"href":"https:\/\/chpantalya.com\/index.php?rest_route=\/wp\/v2\/posts\/25631"}],"collection":[{"href":"https:\/\/chpantalya.com\/index.php?rest_route=\/wp\/v2\/posts"}],"about":[{"href":"https:\/\/chpantalya.com\/index.php?rest_route=\/wp\/v2\/types\/post"}],"author":[{"embeddable":true,"href":"https:\/\/chpantalya.com\/index.php?rest_route=\/wp\/v2\/users\/2333"}],"replies":[{"embeddable":true,"href":"https:\/\/chpantalya.com\/index.php?rest_route=%2Fwp%2Fv2%2Fcomments&post=25631"}],"version-history":[{"count":0,"href":"https:\/\/chpantalya.com\/index.php?rest_route=\/wp\/v2\/posts\/25631\/revisions"}],"wp:featuredmedia":[{"embeddable":true,"href":"https:\/\/chpantalya.com\/index.php?rest_route=\/wp\/v2\/media\/25159"}],"wp:attachment":[{"href":"https:\/\/chpantalya.com\/index.php?rest_route=%2Fwp%2Fv2%2Fmedia&parent=25631"}],"wp:term":[{"taxonomy":"category","embeddable":true,"href":"https:\/\/chpantalya.com\/index.php?rest_route=%2Fwp%2Fv2%2Fcategories&post=25631"},{"taxonomy":"post_tag","embeddable":true,"href":"https:\/\/chpantalya.com\/index.php?rest_route=%2Fwp%2Fv2%2Ftags&post=25631"}],"curies":[{"name":"wp","href":"https:\/\/api.w.org\/{rel}","templated":true}]}}