{"id":25768,"date":"2023-01-11T13:14:27","date_gmt":"2023-01-11T10:14:27","guid":{"rendered":"https:\/\/chpantalya.com\/?p=25768"},"modified":"2023-01-11T13:14:34","modified_gmt":"2023-01-11T10:14:34","slug":"vekil-sordu","status":"publish","type":"post","link":"https:\/\/chpantalya.com\/?p=25768","title":{"rendered":"VEK\u0130L SORDU"},"content":{"rendered":"\n<p>CHP Antalya Milletvekili Cavit Ar\u0131, Vermi\u015f oldu\u011fu soru \u00f6nergesi ile 07.01.2023 g\u00fcn\u00fc Antalya\u2019ya yapm\u0131\u015f oldu\u011fu ziyarette toplu a\u00e7\u0131l\u0131\u015f t\u00f6reninde a\u00e7\u0131l\u0131\u015f\u0131 yap\u0131ld\u0131\u011f\u0131 ifade edilen baz\u0131 yat\u0131r\u0131m ve tesislerin bir k\u0131sm\u0131n\u0131n hizmete girme tarihinin \u00e7ok eski ve uzun y\u0131llard\u0131r kullan\u0131ld\u0131\u011f\u0131; okullar\u0131n \u00f6nemli bir k\u0131sm\u0131n\u0131n hay\u0131rseverler taraf\u0131ndan yap\u0131ld\u0131\u011f\u0131n\u0131; Bu a\u00e7\u0131l\u0131\u015fta ismi ge\u00e7en okullar\u0131n ve hangi tarihte yap\u0131ld\u0131\u011f\u0131 ve yine bu okullardan hangileri hay\u0131rseverler taraf\u0131ndan yap\u0131lm\u0131\u015ft\u0131r diyerek Milli E\u011fitim Bakan\u0131na verdi\u011fi soru \u00f6nergesi ile konuyu Meclis g\u00fcndemine ta\u015f\u0131m\u0131\u015ft\u0131r.\u201d Dedi.<\/p>\n\n\n\n<p>Ar\u0131 \u201c\u00d6yle tahmin ediyorum ki Say\u0131n Cumhurba\u015fkan\u0131 a\u00e7\u0131l\u0131\u015fa dahil edilen yat\u0131r\u0131mlarla ilgili do\u011fru bilgilendirilmemi\u015f olabilir.<\/p>\n\n\n\n<p>\u00d6rne\u011fin Antalya Tapu B\u00f6lge M\u00fcd\u00fcrl\u00fc\u011f\u00fc Hizmet Binas\u0131 15 y\u0131l \u00f6nce hizmete giren bir binad\u0131r, Konakl\u0131 G\u00fczelba\u011f yolu kullan\u0131lmaya ba\u015flayal\u0131 be\u015f y\u0131l\u0131 ge\u00e7ti\u011fi bilinmektedir. Yine Finike il\u00e7e Emniyet M\u00fcd\u00fcrl\u00fc\u011f\u00fc hizmet binas\u0131 2019 \u00f6ncesinde var olan bir binad\u0131r. Di\u011fer projeleri de tek tek incelemek laz\u0131m ancak baz\u0131 yat\u0131r\u0131mlar var ki bu yat\u0131r\u0131mlar\u0131n Cumhurba\u015fkanl\u0131\u011f\u0131 taraf\u0131ndan a\u00e7\u0131l\u0131\u015f\u0131 yap\u0131lacak bir t\u00f6ren listesine konulmas\u0131 \u00e7okta uygun olmam\u0131\u015ft\u0131r. Tahminim o ki Say\u0131n Cumhurba\u015fkan\u0131 \u00f6rne\u011fin Alanya\u2019da bir \u00fcniversitenin (ALK\u00dc) giri\u015f kap\u0131s\u0131n\u0131 a\u00e7t\u0131\u011f\u0131n\u0131; Dumanda\u011f\u0131 Orman g\u00f6zetleme evi olarak yap\u0131lan k\u00fc\u00e7\u00fck bir binay\u0131; Serik\u2019te \u00e7ok de\u011ferli okul alan\u0131na Belediye taraf\u0131ndan otopark yap\u0131l\u0131rken kar\u015f\u0131l\u0131\u011f\u0131nda Serik belediyesi taraf\u0131ndan yap\u0131lan iki katl\u0131 ve toplamda 4 oda dan ibaret oldu\u011fu ifade edilen bir k\u00fct\u00fcphaneyi a\u00e7t\u0131\u011f\u0131n\u0131 bilmedi\u011fini tahmin ediyorum.\u201d Diye belirten Ar\u0131, \u201cSon olarak partili Cumhurba\u015fkan\u0131n\u0131n esasen siyaset yapt\u0131\u011f\u0131 ancak a\u00e7\u0131l\u0131\u015f t\u00f6reni ad\u0131 alt\u0131nda yap\u0131lan mitinge devlet memurlar\u0131n\u0131n, Sendika \u00fczerinden cami imamlar\u0131n\u0131n; esnaf kefalet kredi kooperatifleri \u00fczerinden kad\u0131n \u00fcyelerin; muhtarlar\u0131n \u0131srarla davet edilmesi do\u011fru olmam\u0131\u015ft\u0131r.\u201d<\/p>\n","protected":false},"excerpt":{"rendered":"<p>CHP Antalya Milletvekili Cavit Ar\u0131, Vermi\u015f oldu\u011fu soru \u00f6nergesi ile 07.01.2023 g\u00fcn\u00fc Antalya\u2019ya yapm\u0131\u015f oldu\u011fu ziyarette toplu a\u00e7\u0131l\u0131\u015f t\u00f6reninde a\u00e7\u0131l\u0131\u015f\u0131 yap\u0131ld\u0131\u011f\u0131 ifade edilen baz\u0131 yat\u0131r\u0131m ve tesislerin bir k\u0131sm\u0131n\u0131n hizmete girme tarihinin \u00e7ok eski ve uzun y\u0131llard\u0131r kullan\u0131ld\u0131\u011f\u0131; okullar\u0131n \u00f6nemli bir k\u0131sm\u0131n\u0131n hay\u0131rseverler taraf\u0131ndan yap\u0131ld\u0131\u011f\u0131n\u0131; Bu a\u00e7\u0131l\u0131\u015fta ismi ge\u00e7en okullar\u0131n ve hangi tarihte yap\u0131ld\u0131\u011f\u0131 ve [&hellip;]<\/p>\n","protected":false},"author":2333,"featured_media":18324,"comment_status":"closed","ping_status":"open","sticky":false,"template":"","format":"standard","meta":[],"categories":[63],"tags":[],"amp_enabled":true,"_links":{"self":[{"href":"https:\/\/chpantalya.com\/index.php?rest_route=\/wp\/v2\/posts\/25768"}],"collection":[{"href":"https:\/\/chpantalya.com\/index.php?rest_route=\/wp\/v2\/posts"}],"about":[{"href":"https:\/\/chpantalya.com\/index.php?rest_route=\/wp\/v2\/types\/post"}],"author":[{"embeddable":true,"href":"https:\/\/chpantalya.com\/index.php?rest_route=\/wp\/v2\/users\/2333"}],"replies":[{"embeddable":true,"href":"https:\/\/chpantalya.com\/index.php?rest_route=%2Fwp%2Fv2%2Fcomments&post=25768"}],"version-history":[{"count":0,"href":"https:\/\/chpantalya.com\/index.php?rest_route=\/wp\/v2\/posts\/25768\/revisions"}],"wp:featuredmedia":[{"embeddable":true,"href":"https:\/\/chpantalya.com\/index.php?rest_route=\/wp\/v2\/media\/18324"}],"wp:attachment":[{"href":"https:\/\/chpantalya.com\/index.php?rest_route=%2Fwp%2Fv2%2Fmedia&parent=25768"}],"wp:term":[{"taxonomy":"category","embeddable":true,"href":"https:\/\/chpantalya.com\/index.php?rest_route=%2Fwp%2Fv2%2Fcategories&post=25768"},{"taxonomy":"post_tag","embeddable":true,"href":"https:\/\/chpantalya.com\/index.php?rest_route=%2Fwp%2Fv2%2Ftags&post=25768"}],"curies":[{"name":"wp","href":"https:\/\/api.w.org\/{rel}","templated":true}]}}