{"id":25777,"date":"2023-01-23T16:36:29","date_gmt":"2023-01-23T13:36:29","guid":{"rendered":"https:\/\/chpantalya.com\/?p=25777"},"modified":"2023-01-23T16:36:35","modified_gmt":"2023-01-23T13:36:35","slug":"ari-cocuklarimizin-kres-ihtiyaci-var-ancak-kreslerin-sorunlari-cozum-bekliyor","status":"publish","type":"post","link":"https:\/\/chpantalya.com\/?p=25777","title":{"rendered":"Ar\u0131: \u201c\u00c7ocuklar\u0131m\u0131z\u0131n kre\u015f ihtiyac\u0131 var, ancak kre\u015flerin sorunlar\u0131 \u00e7\u00f6z\u00fcm bekliyor.\u201d"},"content":{"rendered":"\n<p>CHP Antalya Milletvekili Cavit Ar\u0131, ge\u00e7en hafta, T\u00fcm \u00d6zel Okul \u00d6ncesi E\u011fitim Kurumlar\u0131 ve \u00c7ocuk Kul\u00fcpleri Dernekleri Federasyonu (TOKEFED) TBMM\u2019de a\u011f\u0131rlad\u0131 ve sekt\u00f6rle ilgili sorunlar hakk\u0131nda g\u00f6r\u00fc\u015f al\u0131\u015fveri\u015finde bulundu.<br \/>Ar\u0131 \u015fu a\u00e7\u0131klamalarda bulundu:<br \/>\u201cEn \u00f6nemli varl\u0131klar\u0131m\u0131z olan \u00e7ocuklar\u0131m\u0131z\u0131n g\u00fcvenli ortamlarda e\u011fitim almalar\u0131 ve bak\u0131mlar\u0131n\u0131n yap\u0131lmas\u0131 sosyal devletin sorumlulu\u011fudur. \u00d6zellikle \u00e7al\u0131\u015fan ve \u00e7al\u0131\u015fmak isteyen kad\u0131nlar\u0131n i\u015f hayat\u0131nda ve sosyal hayatlar\u0131nda var olabilmeleri i\u00e7in kre\u015flere ihtiya\u00e7 duyulmaktad\u0131r. Bu ihtiyac\u0131n kamu eliyle kar\u015f\u0131lanmas\u0131 gerekmektedir.<br \/>\u00c7ocuklar\u0131m\u0131z\u0131n daha temiz ortamlarda b\u00fcy\u00fcmesi, daha sa\u011fl\u0131kl\u0131 besinler almas\u0131 hepimiz i\u00e7in hayatidir. Veliler \u00e7ocuklar\u0131n\u0131 bu standartlar\u0131 ta\u015f\u0131yan \u00f6zel kre\u015f, g\u00fcnd\u00fcz bak\u0131m evleri ve \u00e7ocuk kul\u00fcpleri ile \u00f6zel anaokullar\u0131na g\u00f6ndermeye \u00e7al\u0131\u015fmaktad\u0131r. Ancak g\u00fcn\u00fcm\u00fczde ya\u015fanan ekonomik ve sosyal s\u0131k\u0131nt\u0131lar y\u00fcz\u00fcnden velilerimiz bu konuda zorlanmaktad\u0131r.\u201d<br \/>Ar\u0131, sekt\u00f6r\u00fcn sorunlar\u0131n\u0131 soru \u00f6nergeleriyle TBMM g\u00fcndemine ta\u015f\u0131d\u0131. Ar\u0131 verdi\u011fi soru \u00f6nergelerinde \u0130lgili bakanl\u0131klara \u015fu sorular\u0131 sordu:<br \/>\u201cKonu ile ilgili Hazine ve Maliye Bakan\u0131 Nureddin Nebati \u2019ye :<br \/>Bakanl\u0131\u011f\u0131n\u0131zca, Okul \u00f6ncesi e\u011fitim kurumlar\u0131n\u0131n hizmetlerindeki KDV oran\u0131n\u0131n %1 d\u00fc\u015f\u00fcrmek i\u00e7in bir \u00e7al\u0131\u015fman\u0131z var m\u0131d\u0131r?<br \/>Bakanl\u0131\u011f\u0131n\u0131zca, \u00f6zel okul \u00f6ncesi e\u011fitim kurumlar\u0131n\u0131n hizmetlerinin devaml\u0131l\u0131\u011f\u0131n\u0131 s\u00fcrd\u00fcrmeleri i\u00e7in kurumlara SGK te\u015fviki verilmesi ya da istihdam\u0131 art\u0131rmak ile ilgili \u00e7al\u0131\u015fman\u0131z var m\u0131d\u0131r?<br \/>Aile ve Sosyal Hizmetler Bakan\u0131 Derya Yan\u0131k\u2019a:<br \/>Bakanl\u0131\u011f\u0131n\u0131zca, \u00f6zel okul \u00f6ncesi e\u011fitim kurumlar\u0131na \u00e7ocuklar\u0131n\u0131 kay\u0131t ettirmek istedikleri halde artan fiyatlardan kaynakl\u0131 \u00e7ocuklar\u0131n\u0131 g\u00f6nderemeyen velilere destek vermek amac\u0131yla bir \u00e7al\u0131\u015fman\u0131z var m\u0131d\u0131r?<br \/>Bakanl\u0131\u011f\u0131n\u0131za ba\u011fl\u0131 olan Kre\u015f, G\u00fcnd\u00fcz Bak\u0131mevleri ve \u00c7ocuk Kul\u00fcpleri 2828 say\u0131l\u0131 sosyal hizmetler kanunu kapsam\u0131nda faaliyet g\u00f6stermektedir. Kanunun 35\/A. maddesinde, \u201c\u2026 y\u00f6netmelikle belirlenen ko\u015fullara g\u00f6re eksiklik veya ayk\u0131r\u0131l\u0131\u011f\u0131n tespiti h\u00e2linde il m\u00fcd\u00fcr\u00fc taraf\u0131ndan 16 ya\u015f\u0131ndan b\u00fcy\u00fckler i\u00e7in her y\u0131l belirlenen ayl\u0131k net asgari \u00fccret tutar\u0131n\u0131n on kat\u0131ndan elli kat\u0131na kadar idari para cezas\u0131 verilir.\u201d ibaresi yer ald\u0131\u011f\u0131 g\u00f6r\u00fclmektedir. Asgari \u00fccretin 8.506 TL oldu\u011fu g\u00f6z \u00f6n\u00fcnde bulunduruldu\u011funda, bir evrak eksikli\u011finde bile kuruma en az 85.060 TL ceza kesilmektedir. \u201c\u2026 ayl\u0131k net asgari \u00fccret tutar\u0131n\u0131n on kat\u0131ndan elli kat\u0131na kadar idari para cezas\u0131 verilir.\u201d d\u00fczenlenmesinin de gerekti\u011fini d\u00fc\u015f\u00fcn\u00fcyor musunuz? Bu konu ile ilgili bir \u00e7al\u0131\u015fman\u0131z var m\u0131d\u0131r?<br \/>\u00c7evre, \u015eehircilik ve \u0130klim De\u011fi\u015fikli\u011fi Bakan\u0131 Murat Kurum\u2019a:<br \/>Bakanl\u0131\u011f\u0131n\u0131zca, \u00e7ocuklar\u0131m\u0131za e\u011fitim ve hizmet veren kurumlar\u0131n kira art\u0131\u015flar\u0131na s\u0131n\u0131rlama getirilmesi ile ilgili bir \u00e7al\u0131\u015fman\u0131z var m\u0131d\u0131r?<br \/>\u00c7al\u0131\u015fma ve Sosyal G\u00fcvenlik Bakan\u0131 Say\u0131n Vedat Bilgin\u2019e:<br \/>Bakanl\u0131k taraf\u0131ndan, okul \u00f6ncesi e\u011fitim kurumlar\u0131nda \u0130\u015eKUR i\u015f ba\u015f\u0131 e\u011fitim programlar\u0131ndan al\u0131nan personellerin, y\u00f6netmelik gere\u011fi \u00e7al\u0131\u015ft\u0131r\u0131lmas\u0131 gereken personel stat\u00fcs\u00fcnde kabul edilmesi i\u00e7in bir \u00e7al\u0131\u015fman\u0131z var m\u0131d\u0131r?<br \/>Enerji ve Tabii Kaynaklar Bakan\u0131 Fatih D\u00f6nmez\u2019e:<br \/>Okul \u00f6ncesi e\u011fitim kurumlar\u0131n\u0131n elektrik ve do\u011falgaz giderlerinde indirim yap\u0131lmas\u0131 ile ilgili bir \u00e7al\u0131\u015fman\u0131z var m\u0131d\u0131r?\u201d sorular\u0131n\u0131 y\u00f6neltti.<\/p>\n","protected":false},"excerpt":{"rendered":"<p>CHP Antalya Milletvekili Cavit Ar\u0131, ge\u00e7en hafta, T\u00fcm \u00d6zel Okul \u00d6ncesi E\u011fitim Kurumlar\u0131 ve \u00c7ocuk Kul\u00fcpleri Dernekleri Federasyonu (TOKEFED) TBMM\u2019de a\u011f\u0131rlad\u0131 ve sekt\u00f6rle ilgili sorunlar hakk\u0131nda g\u00f6r\u00fc\u015f al\u0131\u015fveri\u015finde bulundu.Ar\u0131 \u015fu a\u00e7\u0131klamalarda bulundu:\u201cEn \u00f6nemli varl\u0131klar\u0131m\u0131z olan \u00e7ocuklar\u0131m\u0131z\u0131n g\u00fcvenli ortamlarda e\u011fitim almalar\u0131 ve bak\u0131mlar\u0131n\u0131n yap\u0131lmas\u0131 sosyal devletin sorumlulu\u011fudur. \u00d6zellikle \u00e7al\u0131\u015fan ve \u00e7al\u0131\u015fmak isteyen kad\u0131nlar\u0131n i\u015f hayat\u0131nda ve [&hellip;]<\/p>\n","protected":false},"author":2333,"featured_media":25676,"comment_status":"closed","ping_status":"open","sticky":false,"template":"","format":"standard","meta":[],"categories":[63,35],"tags":[],"amp_enabled":true,"_links":{"self":[{"href":"https:\/\/chpantalya.com\/index.php?rest_route=\/wp\/v2\/posts\/25777"}],"collection":[{"href":"https:\/\/chpantalya.com\/index.php?rest_route=\/wp\/v2\/posts"}],"about":[{"href":"https:\/\/chpantalya.com\/index.php?rest_route=\/wp\/v2\/types\/post"}],"author":[{"embeddable":true,"href":"https:\/\/chpantalya.com\/index.php?rest_route=\/wp\/v2\/users\/2333"}],"replies":[{"embeddable":true,"href":"https:\/\/chpantalya.com\/index.php?rest_route=%2Fwp%2Fv2%2Fcomments&post=25777"}],"version-history":[{"count":0,"href":"https:\/\/chpantalya.com\/index.php?rest_route=\/wp\/v2\/posts\/25777\/revisions"}],"wp:featuredmedia":[{"embeddable":true,"href":"https:\/\/chpantalya.com\/index.php?rest_route=\/wp\/v2\/media\/25676"}],"wp:attachment":[{"href":"https:\/\/chpantalya.com\/index.php?rest_route=%2Fwp%2Fv2%2Fmedia&parent=25777"}],"wp:term":[{"taxonomy":"category","embeddable":true,"href":"https:\/\/chpantalya.com\/index.php?rest_route=%2Fwp%2Fv2%2Fcategories&post=25777"},{"taxonomy":"post_tag","embeddable":true,"href":"https:\/\/chpantalya.com\/index.php?rest_route=%2Fwp%2Fv2%2Ftags&post=25777"}],"curies":[{"name":"wp","href":"https:\/\/api.w.org\/{rel}","templated":true}]}}