{"id":25789,"date":"2023-01-25T11:49:24","date_gmt":"2023-01-25T08:49:24","guid":{"rendered":"https:\/\/chpantalya.com\/?p=25789"},"modified":"2023-01-25T11:49:29","modified_gmt":"2023-01-25T08:49:29","slug":"cavit-ari-ortada-arsa-yok-konut-yok-vatandasa-bos-yere-kura-cektiriyorsunuz","status":"publish","type":"post","link":"https:\/\/chpantalya.com\/?p=25789","title":{"rendered":"CAV\u0130T ARI \u201cORTADA ARSA YOK, KONUT YOK, VATANDA\u015eA BO\u015e YERE KURA \u00c7EKT\u0130R\u0130YORSUNUZ.\u201d"},"content":{"rendered":"\n<p><strong>CHP Antalya Milletvekili, Plan ve B\u00fct\u00e7e Komisyonu \u00fcyesi Cavit Ar\u0131 Antalya\u2019da ger\u00e7ekle\u015ftirilen TOK\u0130 konutlar\u0131n\u0131n kura \u00e7ekili\u015fini TBMM g\u00fcndemine ta\u015f\u0131d\u0131.<\/strong><\/p>\n\n\n\n<p>\u201cTurizm sekt\u00f6r\u00fc i\u00e7in T\u00fcrkiye&#8217;nin \u015f\u00fcphesiz ki en \u00f6nemli illerinden biri olan Antalya\u2019da 18 Ocak 2023 de TOK\u0130 konut yap\u0131m projesi kapsam\u0131nda merkez konutunun hak sahiplerinin belirlenece\u011fi kura \u00e7ekili\u015fleri ba\u015flam\u0131\u015ft\u0131r.\u201d<\/p>\n\n\n\n<p>Ar\u0131 konu ile ilgili \u00c7evre, \u015eehircilik ve \u0130klim De\u011fi\u015fikli\u011fi Bakan\u0131 Murat KURUM\u2019 a \u201cAntalya&#8217;da yap\u0131lacak olan konutlar\u0131n yap\u0131lacak oldu\u011fu ta\u015f\u0131nmazlar belli mi? Ada ve parsel numaralar\u0131 nelerdir? Bu in\u015faatlar nerede yap\u0131lacakt\u0131r?\u201d sorular\u0131n\u0131 sordu. Ar\u0131 son olarak, \u201cBu hususta kamuoyu acilen bilgilendirilmelidir.\u201d dedi.<\/p>\n","protected":false},"excerpt":{"rendered":"<p>CHP Antalya Milletvekili, Plan ve B\u00fct\u00e7e Komisyonu \u00fcyesi Cavit Ar\u0131 Antalya\u2019da ger\u00e7ekle\u015ftirilen TOK\u0130 konutlar\u0131n\u0131n kura \u00e7ekili\u015fini TBMM g\u00fcndemine ta\u015f\u0131d\u0131. \u201cTurizm sekt\u00f6r\u00fc i\u00e7in T\u00fcrkiye&#8217;nin \u015f\u00fcphesiz ki en \u00f6nemli illerinden biri olan Antalya\u2019da 18 Ocak 2023 de TOK\u0130 konut yap\u0131m projesi kapsam\u0131nda merkez konutunun hak sahiplerinin belirlenece\u011fi kura \u00e7ekili\u015fleri ba\u015flam\u0131\u015ft\u0131r.\u201d Ar\u0131 konu ile ilgili \u00c7evre, \u015eehircilik ve [&hellip;]<\/p>\n","protected":false},"author":2333,"featured_media":25676,"comment_status":"closed","ping_status":"open","sticky":false,"template":"","format":"standard","meta":[],"categories":[63,35],"tags":[],"amp_enabled":true,"_links":{"self":[{"href":"https:\/\/chpantalya.com\/index.php?rest_route=\/wp\/v2\/posts\/25789"}],"collection":[{"href":"https:\/\/chpantalya.com\/index.php?rest_route=\/wp\/v2\/posts"}],"about":[{"href":"https:\/\/chpantalya.com\/index.php?rest_route=\/wp\/v2\/types\/post"}],"author":[{"embeddable":true,"href":"https:\/\/chpantalya.com\/index.php?rest_route=\/wp\/v2\/users\/2333"}],"replies":[{"embeddable":true,"href":"https:\/\/chpantalya.com\/index.php?rest_route=%2Fwp%2Fv2%2Fcomments&post=25789"}],"version-history":[{"count":0,"href":"https:\/\/chpantalya.com\/index.php?rest_route=\/wp\/v2\/posts\/25789\/revisions"}],"wp:featuredmedia":[{"embeddable":true,"href":"https:\/\/chpantalya.com\/index.php?rest_route=\/wp\/v2\/media\/25676"}],"wp:attachment":[{"href":"https:\/\/chpantalya.com\/index.php?rest_route=%2Fwp%2Fv2%2Fmedia&parent=25789"}],"wp:term":[{"taxonomy":"category","embeddable":true,"href":"https:\/\/chpantalya.com\/index.php?rest_route=%2Fwp%2Fv2%2Fcategories&post=25789"},{"taxonomy":"post_tag","embeddable":true,"href":"https:\/\/chpantalya.com\/index.php?rest_route=%2Fwp%2Fv2%2Ftags&post=25789"}],"curies":[{"name":"wp","href":"https:\/\/api.w.org\/{rel}","templated":true}]}}