{"id":25791,"date":"2023-01-25T11:53:11","date_gmt":"2023-01-25T08:53:11","guid":{"rendered":"https:\/\/chpantalya.com\/?p=25791"},"modified":"2023-01-25T11:53:18","modified_gmt":"2023-01-25T08:53:18","slug":"ozer-ciftcinin-gulmesi-icin-bu-iktidara-yeter-artik","status":"publish","type":"post","link":"https:\/\/chpantalya.com\/?p=25791","title":{"rendered":"\u00d6ZER: \u00c7\u0130FT\u00c7\u0130N\u0130N G\u00dcLMES\u0130 \u0130\u00c7\u0130N BU \u0130KT\u0130DARA YETER ARTIK"},"content":{"rendered":"\n<p>CHP\u2019li \u00d6zer, 12 Aral\u0131k\u2019ta Antalya Kumluca\u2019da ya\u015fanan sel felaketinde seras\u0131 ve \u00fcr\u00fcnleri zarara u\u011frayan baz\u0131 TARS\u0130M\u2019li \u00e7ift\u00e7ilerin ne sigortadan yararlanabildi\u011fini ne Cumhurba\u015fkanl\u0131\u011f\u0131 yard\u0131m\u0131n\u0131 alabildi\u011fini s\u00f6yledi. CHP\u2019li \u00d6zer, \u201cBu iktidar \u00e7ift\u00e7iyi her t\u00fcrl\u00fc ma\u011fdur ediyor. Neyse ki az kald\u0131, biz geliyoruz\u201d dedi.<\/p>\n\n\n\n<p>Antalya\u2019da ge\u00e7ti\u011fimiz ay ya\u015fanan sel felaketinde ma\u011fdur olan \u00f6rt\u00fcalt\u0131 \u00fcreticilerinden bir k\u0131sm\u0131n\u0131n TARS\u0130M poli\u00e7elerindeki hatal\u0131 uygulama nedeniyle \u00f6deme alamad\u0131\u011f\u0131, TARS\u0130M\u2019li olduklar\u0131 i\u00e7in Cumhurba\u015fkanl\u0131\u011f\u0131 yard\u0131m\u0131ndan da faydalanamad\u0131klar\u0131 ortaya \u00e7\u0131kt\u0131. Konuyu dile getiren CHP Antalya Milletvekili Ayd\u0131n \u00d6zer, \u201c\u00c7ift\u00e7inin y\u00fcz\u00fcn\u00fcn g\u00fclmesi i\u00e7in, \u00fcreticilerin rahat nefes almas\u0131 i\u00e7in yeter art\u0131k, s\u00f6z milletindir!\u201d dedi.<\/p>\n\n\n\n<p>TBMM Genel Kurulu\u2019nda \u00f6nceki g\u00fcn bir konu\u015fma yapan CHP\u2019li \u00d6zer, \u00fclkemizin b\u00fcy\u00fck bir kurakl\u0131kla kar\u015f\u0131 kar\u015f\u0131ya oldu\u011funu ve son on y\u0131ld\u0131r ya\u011f\u0131\u015f rejimlerinin de\u011fi\u015fti\u011fine dikkat \u00e7ekerek \u015funlar\u0131 s\u00f6yledi:<\/p>\n\n\n\n<p><strong>EKSPERLER\u0130N B\u0130LG\u0130S\u0130 EKS\u0130K<\/strong><\/p>\n\n\n\n<ul><li>12 Aral\u0131k&#8217;ta Antalya&#8217;n\u0131n Kumluca il\u00e7esinde, bir miktar da Finike il\u00e7esini kapsayan bir sel felaketi ya\u015fad\u0131k. Bu sel felaketinde 12 bin dekar arazimiz ve 3 bine yak\u0131n \u00e7ift\u00e7imiz ma\u011fdur oldu. Tar\u0131m Sigortalar\u0131 yani TARS\u0130M, \u00e7ok iyi d\u00fc\u015f\u00fcnceyle kurulmu\u015f, mant\u0131kl\u0131 kurulmu\u015f, haz\u0131rl\u0131\u011f\u0131 yap\u0131lm\u0131\u015f d\u00fczg\u00fcn bir sigorta sistemi ama ne yaz\u0131k ki sahadaki uygulamalar\u0131 \u00f6yle de\u011fil. Bak\u0131n, bizim ya\u015fad\u0131\u011f\u0131m\u0131z b\u00f6lgede yap\u0131lan seralarda kenar betonu yok diye TARS\u0130M poli\u00e7esinde sel kapsam\u0131 d\u0131\u015f\u0131na \u00e7\u0131kar\u0131lan araziler var. 30 santimlik bir beton; 80 santimlik, 100 santimlik gelen bir suyu nas\u0131l kar\u015f\u0131layabilir? Bunu bir anlatmak laz\u0131m, bunu bir \u00f6\u011frenmek laz\u0131m.<\/li><\/ul>\n\n\n\n<p><strong>M\u00dcLK\u0130YET B\u00dcY\u00dcK SORUN<\/strong><\/p>\n\n\n\n<ul><li>Bu felakette arazi b\u00fcy\u00fckl\u00fc\u011f\u00fc nedeniyle T\u00fcrkiye&#8217;nin bir\u00e7ok yerinden TARS\u0130M eksperi g\u00f6nderilmi\u015fti ama eksperlerin eksik bilgi sahibi olduklar\u0131n\u0131 g\u00f6rd\u00fck ve \u00fcreticilerimiz ma\u011fdur oldu. Devlet bir havuz olu\u015fturdu ve vatanda\u015flar\u0131m\u0131za yard\u0131m etti ama poli\u00e7esi sel kapsam\u0131 d\u0131\u015f\u0131nda b\u0131rak\u0131lan TARS\u0130M\u2019li \u00e7ift\u00e7i ne devlet yard\u0131m\u0131 alabildi ne de zararlar\u0131n\u0131 sigortadan tazmin edebildi.<\/li><li>B\u00f6lgemizde m\u00fclkiyet sorunlar\u0131 var. Elli-altm\u0131\u015f y\u0131ld\u0131r s\u00fcren sorunlar var, daval\u0131k araziler var, \u00f6zellikle Mill\u00ee Emlak ile \u015fah\u0131s aras\u0131nda daval\u0131 araziler var. Bu araziler dava bitmedi\u011fi i\u00e7in TARS\u0130M&#8217;e kay\u0131t yapt\u0131ram\u0131yor, \u00c7KS kayd\u0131 yapt\u0131ram\u0131yor, sigortal\u0131 olam\u0131yor. Bunlar\u0131n \u00f6n\u00fcn\u00fc a\u00e7mak laz\u0131m.<\/li><\/ul>\n\n\n\n<p><strong>ARA\u00c7 KASKOSU G\u0130B\u0130 OLMALI<\/strong><\/p>\n\n\n\n<ul><li>Ayr\u0131ca bir ara\u00e7 kaskosunda ne yap\u0131yoruz? Araca bug\u00fcnk\u00fc de\u011feriyle 10 liraya sigorta yapt\u0131rd\u0131ysak ara\u00e7 bir kaza yapsa, ara\u00e7 pert olsa kasko sigortas\u0131 poli\u00e7e bedelini o g\u00fcnk\u00fc kaza yapt\u0131\u011f\u0131 de\u011ferden \u00f6d\u00fcyor ama TARS\u0130M \u00f6yle demiyor. Bak\u0131n, Antalya Aksu&#8217;da bir y\u0131l \u00f6nce bir hortum felaketi ya\u015fad\u0131k. TARS\u0130M, zarar\u0131n\u0131 tazmin etmek i\u00e7in ba\u015fvuran \u00e7ift\u00e7iye; \u201cBiz yap\u0131lan de\u011ferden \u00f6deriz yani sigortan\u0131n yapt\u0131\u011f\u0131 de\u011ferden \u00f6deriz\u201d dedi. T\u00fcrkiye&#8217;de enflasyon alm\u0131\u015f ba\u015f\u0131n\u0131 giderken, eski de\u011ferden \u00f6deme yap\u0131nca \u00e7ift\u00e7iyi ma\u011fdur etmi\u015f oluyorsunuz ve \u00e7ift\u00e7i ekime tekrar d\u00f6nemiyor, in\u015faat\u0131n\u0131 tekrar yapam\u0131yor, seras\u0131n\u0131 tekrar yapam\u0131yor. TARS\u0130M yasas\u0131ndan bu maddeyi \u00e7\u0131karmak laz\u0131m. Ayn\u0131 ara\u00e7 kaskosunda oldu\u011fu gibi, zarar\u0131 g\u00f6rd\u00fc\u011f\u00fc zamanki de\u011ferler \u00fczerinden tazmin edilmesi laz\u0131m.<\/li><\/ul>\n\n\n\n<p><strong>NARENC\u0130YEDE S\u00dcRE UZAMALI<\/strong><\/p>\n\n\n\n<ul><li>Bir de narenciye sigortas\u0131nda s\u0131k\u0131nt\u0131 ya\u015fan\u0131yor. TARS\u0130M narenciyeye \u015fubat ay\u0131na kadar sigorta yap\u0131yor. H\u00e2lbuki bizim b\u00f6lgemizde may\u0131s ay\u0131n\u0131n sonuna kadar narenciye \u00fcretimi var. O y\u00fczden may\u0131s ay\u0131n\u0131n sonuna kadar sigorta sisteminin uzat\u0131lmas\u0131 gerekiyor.<\/li><li>Biz iktidara geldi\u011fimiz zaman \u015funu yapaca\u011f\u0131z: Hallerde \u00e7ift\u00e7inin \u00fczerinizden kesilen stopaj vergilerinin d\u00f6rtte 1&#8217;ini bir havuzda biriktirerek afet olan yerlerde b\u00fct\u00fcn \u00e7ift\u00e7ileri sigortal\u0131 kabul edece\u011fiz ve \u00e7ift\u00e7ilerin b\u00fct\u00fcn zararlar\u0131n\u0131 \u00f6deyece\u011fiz. Son bir \u015fey daha; \u00e7ift\u00e7inin y\u00fcz\u00fcn\u00fcn g\u00fclmesi i\u00e7in, \u00fcreticilerin rahat nefes almas\u0131 i\u00e7in yeter art\u0131k, s\u00f6z milletindir!<\/li><\/ul>\n","protected":false},"excerpt":{"rendered":"<p>CHP\u2019li \u00d6zer, 12 Aral\u0131k\u2019ta Antalya Kumluca\u2019da ya\u015fanan sel felaketinde seras\u0131 ve \u00fcr\u00fcnleri zarara u\u011frayan baz\u0131 TARS\u0130M\u2019li \u00e7ift\u00e7ilerin ne sigortadan yararlanabildi\u011fini ne Cumhurba\u015fkanl\u0131\u011f\u0131 yard\u0131m\u0131n\u0131 alabildi\u011fini s\u00f6yledi. CHP\u2019li \u00d6zer, \u201cBu iktidar \u00e7ift\u00e7iyi her t\u00fcrl\u00fc ma\u011fdur ediyor. Neyse ki az kald\u0131, biz geliyoruz\u201d dedi. Antalya\u2019da ge\u00e7ti\u011fimiz ay ya\u015fanan sel felaketinde ma\u011fdur olan \u00f6rt\u00fcalt\u0131 \u00fcreticilerinden bir k\u0131sm\u0131n\u0131n TARS\u0130M poli\u00e7elerindeki [&hellip;]<\/p>\n","protected":false},"author":2333,"featured_media":25792,"comment_status":"closed","ping_status":"open","sticky":false,"template":"","format":"standard","meta":[],"categories":[60,35],"tags":[],"amp_enabled":true,"_links":{"self":[{"href":"https:\/\/chpantalya.com\/index.php?rest_route=\/wp\/v2\/posts\/25791"}],"collection":[{"href":"https:\/\/chpantalya.com\/index.php?rest_route=\/wp\/v2\/posts"}],"about":[{"href":"https:\/\/chpantalya.com\/index.php?rest_route=\/wp\/v2\/types\/post"}],"author":[{"embeddable":true,"href":"https:\/\/chpantalya.com\/index.php?rest_route=\/wp\/v2\/users\/2333"}],"replies":[{"embeddable":true,"href":"https:\/\/chpantalya.com\/index.php?rest_route=%2Fwp%2Fv2%2Fcomments&post=25791"}],"version-history":[{"count":0,"href":"https:\/\/chpantalya.com\/index.php?rest_route=\/wp\/v2\/posts\/25791\/revisions"}],"wp:featuredmedia":[{"embeddable":true,"href":"https:\/\/chpantalya.com\/index.php?rest_route=\/wp\/v2\/media\/25792"}],"wp:attachment":[{"href":"https:\/\/chpantalya.com\/index.php?rest_route=%2Fwp%2Fv2%2Fmedia&parent=25791"}],"wp:term":[{"taxonomy":"category","embeddable":true,"href":"https:\/\/chpantalya.com\/index.php?rest_route=%2Fwp%2Fv2%2Fcategories&post=25791"},{"taxonomy":"post_tag","embeddable":true,"href":"https:\/\/chpantalya.com\/index.php?rest_route=%2Fwp%2Fv2%2Ftags&post=25791"}],"curies":[{"name":"wp","href":"https:\/\/api.w.org\/{rel}","templated":true}]}}