{"id":25795,"date":"2023-01-26T12:20:44","date_gmt":"2023-01-26T09:20:44","guid":{"rendered":"https:\/\/chpantalya.com\/?p=25795"},"modified":"2023-01-26T12:24:24","modified_gmt":"2023-01-26T09:24:24","slug":"budak-iktidar-eyt-teklifini-yilan-hikayesine-dondurdu","status":"publish","type":"post","link":"https:\/\/chpantalya.com\/?p=25795","title":{"rendered":"BUDAK: \u201ciktidar, eyt teklifini y\u0131lan H\u0130K\u00c2YES\u0130NE d\u00f6nd\u00fcrd\u00fc\u201d"},"content":{"rendered":"\n<p><strong>CHP Antalya Milletvekili ve Sanayi ve Ticaret Komisyonu \u00dcyesi \u00c7etin Osman Budak, Emeklilikte Ya\u015fa Tak\u0131lanlar (EYT) kanun teklifinin aylard\u0131r TBMM\u2019ye sunulmamas\u0131n\u0131 ele\u015ftirdi. Yurtta\u015flar EYT sorununun \u00e7\u00f6z\u00fcm\u00fcn\u00fc beklerken, iktidar\u0131n meclisi hi\u00e7bir yaraya merhem olmayan kanun teklifleri ile oyalad\u0131\u011f\u0131n\u0131 belirten Budak, \u201cCumhurba\u015fkan\u0131&nbsp;Erdo\u011fan, \u2018EYT meselesi bitmi\u015ftir, 2022 Aral\u0131k ay\u0131n\u0131n sonuna kadar bu T\u00fcrkiye&#8217;nin g\u00fcndeminden kalkacakt\u0131r\u2019 dedi. Ocak ay\u0131n\u0131n sonuna geldik, hala TBMM Ba\u015fkanl\u0131\u011f\u0131\u2019na sunulmu\u015f bir kanun teklifi bile yok. Se\u00e7im \u00f6ncesi y\u0131llard\u0131r ma\u011fdur etti\u011finiz yurtta\u015flar\u0131m\u0131z\u0131n oyunu alabilmek i\u00e7in bir vaat ortaya att\u0131n\u0131z. Onu da elinize y\u00fcz\u00fcn\u00fcze bula\u015ft\u0131rd\u0131n\u0131z. \u0130nsanlar art\u0131k bu se\u00e7im numaralar\u0131n\u0131za kanm\u0131yor\u201d diye konu\u015ftu.<\/strong><\/p>\n\n\n\n<p><strong>\u201cstaj ba\u015flang\u0131c\u0131, g\u00f6rmezden gelinemez\u201d<\/strong><strong><\/strong><\/p>\n\n\n\n<p>Ticarete y\u00f6nelik yeni d\u00fczenlemeler getiren torba kanun teklifinin TBMM Genel Kurul g\u00f6r\u00fc\u015fmelerinde konu\u015fan Budak, \u201c Staj ba\u015flang\u0131c\u0131n\u0131 EYT kapsam\u0131 d\u0131\u015f\u0131nda b\u0131rakarak y\u00fczbinlerce vatanda\u015f\u0131m\u0131z\u0131n al\u0131n terini g\u00f6rmezden geliyorsunuz. Staj ma\u011fdurlar\u0131n\u0131n hakl\u0131 talepleri, sesleri Ar\u015f-\u0131 Ala\u2019ya \u00e7\u0131kt\u0131. Kadro alamayan s\u00f6zle\u015fmeli belediye \u00e7al\u0131\u015fanlar\u0131, aile sa\u011fl\u0131\u011f\u0131 merkezi \u00e7al\u0131\u015fanlar\u0131 m\u00fcjde bekliyor. Emekliler bayram ikramiyesinin iyile\u015ftirilmesini bekliyor. Siz bu taleplere kulaklar\u0131n\u0131z\u0131 t\u0131k\u0131yorsunuz\u201d diye konu\u015ftu.<\/p>\n\n\n\n<p><strong>\u0130KT\u0130DARIN EL\u0130 AYA\u011eINA DOLA\u015eTI<\/strong><\/p>\n\n\n\n<p>Se\u00e7im yakla\u015ft\u0131k\u00e7a iktidar\u0131n panikle elinin aya\u011f\u0131na dola\u015ft\u0131\u011f\u0131n\u0131 dile getiren Budak, \u015f\u00f6yle konu\u015ftu<\/p>\n\n\n\n<p>\u201cBug\u00fcn g\u00f6r\u00fc\u015ft\u00fc\u011f\u00fcm\u00fcz kanun teklifinde elle tutulur hi\u00e7bir \u015fey yok. Genel Kurul b\u00f6yle gereksiz konularla me\u015fgul edilmek yerine EYT&#8217;liler kanunu gibi acil g\u00f6r\u00fc\u015f\u00fclmesi gereken konular var.&nbsp; Y\u0131llarca EYT&#8217;liler \u00fczerinde \u00e7ok tart\u0131\u015fmalar yap\u0131ld\u0131. EYT&#8217;liler \u00f6rg\u00fctl\u00fc bir yap\u0131 olu\u015fturdular.&nbsp; Se\u00e7ime giderken \u00e7aresiz kal\u0131nd\u0131\u011f\u0131 i\u00e7in EYT mevzusu g\u00fcndeme getirildi. T\u00fcrkiye&#8217;nin en yetkili makam\u0131nda oturan Cumhurba\u015fkan\u0131 \u00e7\u0131kt\u0131, dedi ki:\u2018EYT meselesi bitmi\u015ftir, 2022 Aral\u0131k ay\u0131n\u0131n sonuna kadar bu T\u00fcrkiye&#8217;nin g\u00fcndeminden kalkacakt\u0131r\u2019. \u015eu anda g\u00fcndemde olan ne? H\u00e2l\u00e2 kanun Meclise gelmedi, ocak ay\u0131n\u0131 bitiriyoruz, \u015furada bir hafta sonra ocak bitecek. Burada ne yapmaya \u00e7al\u0131\u015f\u0131yorsunuz?<\/p>\n\n\n\n<p>Kanun teklifiniz haz\u0131r de\u011fil, onu mu tamamlamaya \u00e7al\u0131\u015f\u0131yorsunuz? E\u011fer \u00f6yleyse Say\u0131n Cumhurba\u015fkan\u0131 \u00e7\u0131k\u0131p \u015funu niye s\u00f6yl\u00fcyor? &#8220;Ya\u015f s\u0131n\u0131r\u0131 da olmayacak burada&#8221; Peki, SGK&#8217;liler ile BA\u011e-KUR&#8217;lular\u0131n aras\u0131ndaki o emeklilik prim \u00f6deme g\u00fcn say\u0131lar\u0131 aras\u0131ndaki fark\u0131 d\u00fc\u015f\u00fcnemedi mi Say\u0131n Cumhurba\u015fkan\u0131 da b\u00f6yle dedi? Se\u00e7ime yak\u0131n insanlar\u0131n duygular\u0131yla oynay\u0131p, ulufe da\u011f\u0131t\u0131r gibi para da\u011f\u0131t\u0131p, se\u00e7ime faydas\u0131 olmas\u0131n\u0131 m\u0131 bekliyorsunuz? E\u011fer \u00f6yleyse avucunuzu yalars\u0131n\u0131z. \u0130nsanlar art\u0131k bu se\u00e7im ayaklar\u0131n\u0131, se\u00e7im numaralar\u0131n\u0131 yemiyor.<\/p>\n\n\n\n<p>Sonra &#8220;Staj ba\u015flang\u0131c\u0131 emeklilik i\u00e7in, i\u015fe giri\u015f tarihi say\u0131ls\u0131n.&#8221; talepleri ar\u015f\u0131\u00e2l\u00e2ya \u00e7\u0131kt\u0131. Bizim d\u00f6nemimizde, bizim gen\u00e7lik d\u00f6nemlerimizde staj yapt\u0131\u011f\u0131m\u0131z yerlerdeki ge\u00e7en g\u00fcnler sigortal\u0131l\u0131k ba\u015flang\u0131\u00e7 tarihiydi, bunu siz kald\u0131rd\u0131n\u0131z. \u015eimdi burada ma\u011fdur olanlar bunu istiyorlar. Mesela bunu niye g\u00fcndeme alm\u0131yorsunuz? Kadro alamayan s\u00f6zle\u015fmelilerin sorunlar\u0131n\u0131 niye g\u00fcndeme alm\u0131yorsunuz? Bu, belediye \u015firketi i\u015f\u00e7ileri var. Biz s\u00f6z verdik, iktidara geldi\u011fimiz zaman bu sorunlar\u0131n hepsini \u00e7\u00f6zece\u011fiz.<\/p>\n\n\n\n<p><strong>EMEKL\u0130LER\u0130N BAYRAM \u0130KRAM\u0130YELER\u0130N\u0130 Y\u00dcKSELT\u0130N<\/strong><\/p>\n\n\n\n<p>Emeklilerin iki din\u00ee bayramda ald\u0131klar\u0131 biner lira gibi bir rakam vard\u0131. Ka\u00e7 y\u0131l\u0131nda \u00e7\u0131kt\u0131? Ge\u00e7en se\u00e7im, 2018&#8217;de. O se\u00e7imden de \u00f6nce, 2015 y\u0131l\u0131nda Say\u0131n Genel Ba\u015fkan\u0131m\u0131z\u0131n \u0131srarl\u0131 bask\u0131lar\u0131ndan sonra \u00e7\u0131kard\u0131n\u0131z, bin lirayd\u0131. 2018&#8217;te bin liran\u0131n sat\u0131n alma g\u00fcc\u00fc ortada. Geldik 2023&#8217;e, h\u00e2l\u00e2 1.100 lira. Bunu d\u00fczeltecek misiniz? Milletin as\u0131l derdi bu, milletin sizlerden, iktidardan beklentileri bunlar.<\/p>\n","protected":false},"excerpt":{"rendered":"<p>CHP Antalya Milletvekili ve Sanayi ve Ticaret Komisyonu \u00dcyesi \u00c7etin Osman Budak, Emeklilikte Ya\u015fa Tak\u0131lanlar (EYT) kanun teklifinin aylard\u0131r TBMM\u2019ye sunulmamas\u0131n\u0131 ele\u015ftirdi. Yurtta\u015flar EYT sorununun \u00e7\u00f6z\u00fcm\u00fcn\u00fc beklerken, iktidar\u0131n meclisi hi\u00e7bir yaraya merhem olmayan kanun teklifleri ile oyalad\u0131\u011f\u0131n\u0131 belirten Budak, \u201cCumhurba\u015fkan\u0131&nbsp;Erdo\u011fan, \u2018EYT meselesi bitmi\u015ftir, 2022 Aral\u0131k ay\u0131n\u0131n sonuna kadar bu T\u00fcrkiye&#8217;nin g\u00fcndeminden kalkacakt\u0131r\u2019 dedi. Ocak ay\u0131n\u0131n [&hellip;]<\/p>\n","protected":false},"author":2333,"featured_media":25796,"comment_status":"closed","ping_status":"open","sticky":false,"template":"","format":"standard","meta":[],"categories":[52,35],"tags":[],"amp_enabled":true,"_links":{"self":[{"href":"https:\/\/chpantalya.com\/index.php?rest_route=\/wp\/v2\/posts\/25795"}],"collection":[{"href":"https:\/\/chpantalya.com\/index.php?rest_route=\/wp\/v2\/posts"}],"about":[{"href":"https:\/\/chpantalya.com\/index.php?rest_route=\/wp\/v2\/types\/post"}],"author":[{"embeddable":true,"href":"https:\/\/chpantalya.com\/index.php?rest_route=\/wp\/v2\/users\/2333"}],"replies":[{"embeddable":true,"href":"https:\/\/chpantalya.com\/index.php?rest_route=%2Fwp%2Fv2%2Fcomments&post=25795"}],"version-history":[{"count":0,"href":"https:\/\/chpantalya.com\/index.php?rest_route=\/wp\/v2\/posts\/25795\/revisions"}],"wp:featuredmedia":[{"embeddable":true,"href":"https:\/\/chpantalya.com\/index.php?rest_route=\/wp\/v2\/media\/25796"}],"wp:attachment":[{"href":"https:\/\/chpantalya.com\/index.php?rest_route=%2Fwp%2Fv2%2Fmedia&parent=25795"}],"wp:term":[{"taxonomy":"category","embeddable":true,"href":"https:\/\/chpantalya.com\/index.php?rest_route=%2Fwp%2Fv2%2Fcategories&post=25795"},{"taxonomy":"post_tag","embeddable":true,"href":"https:\/\/chpantalya.com\/index.php?rest_route=%2Fwp%2Fv2%2Ftags&post=25795"}],"curies":[{"name":"wp","href":"https:\/\/api.w.org\/{rel}","templated":true}]}}