{"id":25798,"date":"2023-01-26T12:22:13","date_gmt":"2023-01-26T09:22:13","guid":{"rendered":"https:\/\/chpantalya.com\/?p=25798"},"modified":"2023-01-26T12:22:19","modified_gmt":"2023-01-26T09:22:19","slug":"ozerden-kuraklikla-mucadele-icin-arastirma-onergesi","status":"publish","type":"post","link":"https:\/\/chpantalya.com\/?p=25798","title":{"rendered":"\u00d6ZER\u2019DEN KURAKLIKLA M\u00dcCADELE \u0130\u00c7\u0130N ARA\u015eTIRMA \u00d6NERGES\u0130"},"content":{"rendered":"\n<p>Ge\u00e7en y\u0131la g\u00f6re ya\u011f\u0131\u015f oran\u0131nda y\u00fczde 31\u2019lik azalma olmas\u0131 ve aral\u0131k ile ocak ay\u0131n\u0131n ya\u011f\u0131\u015fs\u0131z ge\u00e7mesi kurakl\u0131k tehlikesini g\u00fcndeme getirirken, CHP Antalya Milletvekili Ayd\u0131n \u00d6zer, tar\u0131msal \u00fcretimde rekolte d\u00fc\u015f\u00fckl\u00fc\u011f\u00fcyle kar\u015f\u0131la\u015f\u0131lmas\u0131 tehlikesine dikkat \u00e7ekti. \u00d6zer, \u201cRekoltede azalma olmas\u0131 demek g\u0131da fiyatlar\u0131n\u0131n artmas\u0131 anlam\u0131na gelir. Ya\u011f\u0131\u015f rejimindeki bu anormal de\u011fi\u015fiklik t\u00fcm tar\u0131msal \u00fcretimi bozmak \u00fczere, kurakl\u0131k ahtapot gibi \u00e7ift\u00e7iyi sard\u0131, o y\u00fczden h\u0131zla bir acil eylem plan\u0131 olu\u015fturmal\u0131d\u0131r\u201d dedi.<\/p>\n\n\n\n<p><strong>BA\u015eLAYAN YA\u011eI\u015eLAR YETECEK M\u0130?<\/strong><\/p>\n\n\n\n<p>Meteoroloji Genel M\u00fcd\u00fcrl\u00fc\u011f\u00fc verilerine g\u00f6re T\u00fcrkiye genelinde ya\u011f\u0131\u015flarda 1991-2021 d\u00f6nemi verilerine g\u00f6re y\u00fczde 40,6, ge\u00e7en y\u0131la g\u00f6re de y\u00fczde 31\u2019lik bir azalma tespit edildi\u011fini belirten CHP\u2019li \u00d6zer, \u201cS\u0131cakl\u0131klar mevsim normallerinin \u00fczerinde\u201d diyerek \u015f\u00f6yle devam etti:<\/p>\n\n\n\n<p>\u201c\u015eimdi ba\u015flamas\u0131 beklenen ya\u011f\u0131\u015flar\u0131n da \u00e7ok kurtar\u0131c\u0131 oldu\u011fu d\u00fc\u015f\u00fcn\u00fclm\u00fcyor. Yani bu ya\u011f\u0131\u015flar barajlar\u0131n dolmas\u0131 veya yer alt\u0131 sular\u0131n\u0131 beslemeye yetmeyecek gibi g\u00f6r\u00fcn\u00fcyor. Bu nedenle de sulu tar\u0131m da dahil t\u00fcm \u00fcr\u00fcnlerde rekolte kay\u0131plar\u0131 ya\u015fanabilir. Ocak ay\u0131nda g\u00fcne\u015f olmas\u0131 yalanc\u0131 bahar etkisine neden oldu, bu, \u00e7i\u00e7ek a\u00e7m\u0131\u015f meyvelerin ya\u011f\u0131\u015f sonras\u0131 don riskiyle kar\u015f\u0131 kar\u015f\u0131ya kalmas\u0131 demektir. Bu da verimde kay\u0131p demektir. \u00d6te yandan \u00e7ift\u00e7i ya\u011fmur ya\u011fmazsa tarlas\u0131na ataca\u011f\u0131 g\u00fcbrenin i\u015fe yaramayaca\u011f\u0131n\u0131, hatta tam tersine \u00fcr\u00fcn\u00fc yakabilece\u011finden endi\u015fe ediyor. Verimin azalmas\u0131nda bu da etken olacakt\u0131r.\u201d<\/p>\n\n\n\n<p><strong>BAKANLI\u011eIN KURAKLIK PLANI YOK MU?<\/strong><\/p>\n\n\n\n<p>Meclis\u2019e bir ara\u015ft\u0131rma \u00f6nergesi vererek kurakl\u0131k ve tar\u0131ma etkileri \u00fczerinde \u00e7al\u0131\u015fma yap\u0131lmas\u0131n\u0131 \u00f6neren CHP\u2019li \u00d6zer, Tar\u0131m ve Orman Bakan\u0131 Vahit Kiri\u015f\u00e7i\u2019nin ge\u00e7ti\u011fimiz g\u00fcnlerde yapt\u0131\u011f\u0131 a\u00e7\u0131klaman\u0131n da tatmin edici olmad\u0131\u011f\u0131na dikkat \u00e7ekti. \u00d6zer \u015funlar\u0131 s\u00f6yle:<\/p>\n\n\n\n<p>\u201cBakan \u015fubat ay\u0131 ile ya\u011f\u0131\u015fl\u0131 sezona girilece\u011finin tahmin edildi\u011fini, mevsim normallerine d\u00f6n\u00fcl\u00fcrse kurakl\u0131ktan da \u00e7\u0131k\u0131laca\u011f\u0131n\u0131 belirtmi\u015f. Kurakl\u0131\u011f\u0131n bitkisel \u00fcretimi hen\u00fcz \u00e7ok etkilemedi\u011fini ya\u011f\u0131\u015flar yetersiz kal\u0131rsa riskin b\u00fcy\u00fcyebilece\u011fini s\u00f6ylemi\u015f. Yani anla\u015f\u0131l\u0131yor ki, Bakanl\u0131\u011f\u0131n hi\u00e7bir planlamas\u0131 yok! Oysa \u00fclke genelinde hububattan sebze ve meyveye kadar bir\u00e7ok \u00fcr\u00fcn\u00fcn rekoltesinde d\u00fc\u015f\u00fc\u015f tehlikesine kar\u015f\u0131 \u00f6n al\u0131nmal\u0131d\u0131r. Biz de Meclis\u2019in konuya el atmas\u0131 i\u00e7in komisyon teklifinde bulunduk. Kurakl\u0131k ve sonu\u00e7lar\u0131n\u0131n tar\u0131msal \u00fcretimimize olumsuz etkilerinin belirlenmesi, ne yap\u0131lmas\u0131 gerekti\u011fini de ortaya koyacakt\u0131r. H\u0131zla bir acil eylem plan\u0131 olu\u015fturulmal\u0131d\u0131r.\u201d<\/p>\n","protected":false},"excerpt":{"rendered":"<p>Ge\u00e7en y\u0131la g\u00f6re ya\u011f\u0131\u015f oran\u0131nda y\u00fczde 31\u2019lik azalma olmas\u0131 ve aral\u0131k ile ocak ay\u0131n\u0131n ya\u011f\u0131\u015fs\u0131z ge\u00e7mesi kurakl\u0131k tehlikesini g\u00fcndeme getirirken, CHP Antalya Milletvekili Ayd\u0131n \u00d6zer, tar\u0131msal \u00fcretimde rekolte d\u00fc\u015f\u00fckl\u00fc\u011f\u00fcyle kar\u015f\u0131la\u015f\u0131lmas\u0131 tehlikesine dikkat \u00e7ekti. \u00d6zer, \u201cRekoltede azalma olmas\u0131 demek g\u0131da fiyatlar\u0131n\u0131n artmas\u0131 anlam\u0131na gelir. Ya\u011f\u0131\u015f rejimindeki bu anormal de\u011fi\u015fiklik t\u00fcm tar\u0131msal \u00fcretimi bozmak \u00fczere, kurakl\u0131k ahtapot [&hellip;]<\/p>\n","protected":false},"author":2333,"featured_media":25792,"comment_status":"closed","ping_status":"open","sticky":false,"template":"","format":"standard","meta":[],"categories":[60,35],"tags":[],"amp_enabled":true,"_links":{"self":[{"href":"https:\/\/chpantalya.com\/index.php?rest_route=\/wp\/v2\/posts\/25798"}],"collection":[{"href":"https:\/\/chpantalya.com\/index.php?rest_route=\/wp\/v2\/posts"}],"about":[{"href":"https:\/\/chpantalya.com\/index.php?rest_route=\/wp\/v2\/types\/post"}],"author":[{"embeddable":true,"href":"https:\/\/chpantalya.com\/index.php?rest_route=\/wp\/v2\/users\/2333"}],"replies":[{"embeddable":true,"href":"https:\/\/chpantalya.com\/index.php?rest_route=%2Fwp%2Fv2%2Fcomments&post=25798"}],"version-history":[{"count":0,"href":"https:\/\/chpantalya.com\/index.php?rest_route=\/wp\/v2\/posts\/25798\/revisions"}],"wp:featuredmedia":[{"embeddable":true,"href":"https:\/\/chpantalya.com\/index.php?rest_route=\/wp\/v2\/media\/25792"}],"wp:attachment":[{"href":"https:\/\/chpantalya.com\/index.php?rest_route=%2Fwp%2Fv2%2Fmedia&parent=25798"}],"wp:term":[{"taxonomy":"category","embeddable":true,"href":"https:\/\/chpantalya.com\/index.php?rest_route=%2Fwp%2Fv2%2Fcategories&post=25798"},{"taxonomy":"post_tag","embeddable":true,"href":"https:\/\/chpantalya.com\/index.php?rest_route=%2Fwp%2Fv2%2Ftags&post=25798"}],"curies":[{"name":"wp","href":"https:\/\/api.w.org\/{rel}","templated":true}]}}