{"id":25807,"date":"2023-02-04T10:58:53","date_gmt":"2023-02-04T07:58:53","guid":{"rendered":"https:\/\/chpantalya.com\/?p=25807"},"modified":"2023-02-04T10:58:59","modified_gmt":"2023-02-04T07:58:59","slug":"kyklardaki-manevi-danismanlardan-neden-vazgecilmiyor","status":"publish","type":"post","link":"https:\/\/chpantalya.com\/?p=25807","title":{"rendered":"KYK\u2019LARDAK\u0130 MANEV\u0130 DANI\u015eMANLARDAN NEDEN VAZGE\u00c7\u0130LM\u0130YOR?"},"content":{"rendered":"\n<p><\/p>\n\n\n\n<p>CHP\u2019li \u00d6zer, ge\u00e7en y\u0131l tepkiler nedeniyle kapat\u0131lan Antalya KYK yurtlar\u0131ndaki manevi dan\u0131\u015fmanl\u0131k ofislerinin 7 ay sonra yeniden a\u00e7\u0131ld\u0131\u011f\u0131na dair iddialar\u0131 Bakan Kasapo\u011flu\u2019na sordu: \u201cBu uygulamaya d\u00f6n\u00fclmesinin gerek\u00e7esi nedir? Protokol neden feshedilmiyor?\u201d<\/p>\n\n\n\n<p>Akdeniz \u00dcniversitesi Kamp\u00fcs\u00fc i\u00e7inde yer alan KYK yurtlar\u0131nda ge\u00e7en y\u0131l ya\u015fanan gen\u00e7 \u00f6l\u00fcmlerinin ard\u0131ndan, \u201c\u00f6\u011frencilere dini bask\u0131 yap\u0131l\u0131yor\u201d iddialar\u0131yla kamuoyuna yans\u0131yan ve tepkiler \u00fczerine kapat\u0131lan \u2018manevi dan\u0131\u015fmanl\u0131k\u2019 ofisleri yine g\u00fcndemde. 7 ay \u00f6nce o uygulamaya son verilerek KYK yurtlar\u0131na 6 psikolog g\u00f6revlendirilmi\u015fti ama iddialara g\u00f6re psikologlar g\u00f6nderildi, ofisler yeniden a\u00e7\u0131ld\u0131 ve manevi dan\u0131\u015fmanlar eski yerlerine geldi.<\/p>\n\n\n\n<p>Konuyla ilgili Gen\u00e7lik ve Spor Bakan\u0131 Mehmet Muharrem Kasapo\u011flu\u2019na bir soru \u00f6nergesi veren CHP Antalya Milletvekili Ayd\u0131n \u00d6zer, \u201cKYK yurtlar\u0131nda psikologlar\u0131n yerine Manevi Dan\u0131\u015fmanl\u0131k uygulamas\u0131na geri d\u00f6n\u00fcld\u00fc\u011f\u00fc do\u011fu mudur? E\u011fer \u00f6yleyse bunun gerek\u00e7esi nedir? Bakanl\u0131\u011f\u0131n\u0131z \u00f6\u011frencilerin psikolojik sorunlar\u0131n\u0131n de\u011ferlendirilmesi ve \u00e7\u00f6z\u00fcm\u00fcnde bilimsel yakla\u015f\u0131m yerine dini yakla\u015f\u0131m\u0131 m\u0131 benimsenmektedir?\u201d diye sordu.<\/p>\n\n\n\n<p><strong>\u015e\u00dcK\u00dcR VE SABIR TELK\u0130N\u0130<\/strong><\/p>\n\n\n\n<p>\u00d6nergenin gerek\u00e7esinde \u015fu ifadeler yer ald\u0131:<\/p>\n\n\n\n<p>\u201cKYK Bezm-i Alem Valide Sultan ve Elmal\u0131l\u0131 Hamdi Yaz\u0131r yurtlar\u0131nda kalan gen\u00e7lerin \u00f6l\u00fcmlerinin ard\u0131ndan ayn\u0131 yurtlarda kalan \u00f6\u011frenciler g\u00fcvenlik ve y\u00f6netimle ilgili endi\u015felerini ve \u015f\u00fcphelerini dile getirmi\u015f, yurtlarda kurulan \u2018manevi dan\u0131\u015fmanl\u0131k\u2019 ofislerinden ve dini bask\u0131dan s\u00f6z etmi\u015flerdir. Bu ifadeler sonras\u0131nda KYK ile Diyanet \u0130\u015fleri Ba\u015fkanl\u0131\u011f\u0131 aras\u0131nda yap\u0131lan bir protokolle 2021-2022 sezonunda yurt genelindeki devlet yurtlar\u0131na birer \u2018manevi dan\u0131\u015fmanl\u0131k\u2019 ofisinin a\u00e7\u0131ld\u0131\u011f\u0131 ve bu ofislerde \u00f6\u011frencilere dan\u0131\u015fmanl\u0131k yapmak \u00fczere imamlar\u0131n g\u00f6revlendirildi\u011fi ortaya \u00e7\u0131km\u0131\u015ft\u0131r. Kamuoyuna yans\u0131yan \u00f6\u011frenci ifadelerine g\u00f6re bu manevi dan\u0131\u015fmanlar \u00f6\u011frencilere sorunlar\u0131yla ilgili \u2018\u015f\u00fck\u00fcr\u2019 ve \u2018sab\u0131r\u2019 telkin ederek dini tavsiyelerde bulunmaktayd\u0131lar.\u201d<\/p>\n\n\n\n<p><strong>PROTOKOL\u00dcN \u0130\u00c7ER\u0130\u011e\u0130 NE?<\/strong><\/p>\n\n\n\n<p>CHP\u2019li \u00d6zer\u2019in konuyla ilgili olarak Bakan Kasapo\u011flu\u2019na y\u00f6neltti\u011fi sorulardan baz\u0131lar\u0131 \u015f\u00f6yle:<\/p>\n\n\n\n<p>* Bakanl\u0131\u011f\u0131n\u0131z ve Diyanet \u0130\u015fleri Ba\u015fkanl\u0131\u011f\u0131 ile imzalanm\u0131\u015f olan s\u00f6z konusu protokol devam etmekte midir? Bu protokol\u00fcn i\u00e7eri\u011fi nedir, hangi tarihleri kapsamaktad\u0131r? Protokol neden feshedilmemektedir?<\/p>\n\n\n\n<p>* KYK yurtlar\u0131na manevi dan\u0131\u015fman yap\u0131lan Diyanet personeli g\u00f6revlendirmeyle mi yurtlarda bulunmaktad\u0131r yoksa yeni personel al\u0131m\u0131 m\u0131 yap\u0131lmaktad\u0131r? Bu dan\u0131\u015fmanlar\u0131n b\u00fct\u00e7eye yans\u0131yan toplam personel gideri ne kadard\u0131r?<\/p>\n\n\n\n<p>* Antalya \u0130l Sa\u011fl\u0131k M\u00fcd\u00fcrl\u00fc\u011f\u00fc ve \u0130ntihar\u0131 \u00d6nleme \u0130l Kurulu ile \u2018Gen\u00e7lik Ruh Sa\u011fl\u0131\u011f\u0131\u2019 \u00f6zel g\u00fcndemiyle 31.05.2022 tarihinde ilgili t\u00fcm kurum ve kurulu\u015flar\u0131n kat\u0131l\u0131m\u0131yla yapt\u0131\u011f\u0131n\u0131z toplant\u0131da var\u0131lan sonu\u00e7 ve al\u0131nan kararlar nelerdir?<\/p>\n","protected":false},"excerpt":{"rendered":"<p>CHP\u2019li \u00d6zer, ge\u00e7en y\u0131l tepkiler nedeniyle kapat\u0131lan Antalya KYK yurtlar\u0131ndaki manevi dan\u0131\u015fmanl\u0131k ofislerinin 7 ay sonra yeniden a\u00e7\u0131ld\u0131\u011f\u0131na dair iddialar\u0131 Bakan Kasapo\u011flu\u2019na sordu: \u201cBu uygulamaya d\u00f6n\u00fclmesinin gerek\u00e7esi nedir? Protokol neden feshedilmiyor?\u201d Akdeniz \u00dcniversitesi Kamp\u00fcs\u00fc i\u00e7inde yer alan KYK yurtlar\u0131nda ge\u00e7en y\u0131l ya\u015fanan gen\u00e7 \u00f6l\u00fcmlerinin ard\u0131ndan, \u201c\u00f6\u011frencilere dini bask\u0131 yap\u0131l\u0131yor\u201d iddialar\u0131yla kamuoyuna yans\u0131yan ve tepkiler \u00fczerine [&hellip;]<\/p>\n","protected":false},"author":2333,"featured_media":25792,"comment_status":"closed","ping_status":"open","sticky":false,"template":"","format":"standard","meta":[],"categories":[60,35],"tags":[],"amp_enabled":true,"_links":{"self":[{"href":"https:\/\/chpantalya.com\/index.php?rest_route=\/wp\/v2\/posts\/25807"}],"collection":[{"href":"https:\/\/chpantalya.com\/index.php?rest_route=\/wp\/v2\/posts"}],"about":[{"href":"https:\/\/chpantalya.com\/index.php?rest_route=\/wp\/v2\/types\/post"}],"author":[{"embeddable":true,"href":"https:\/\/chpantalya.com\/index.php?rest_route=\/wp\/v2\/users\/2333"}],"replies":[{"embeddable":true,"href":"https:\/\/chpantalya.com\/index.php?rest_route=%2Fwp%2Fv2%2Fcomments&post=25807"}],"version-history":[{"count":0,"href":"https:\/\/chpantalya.com\/index.php?rest_route=\/wp\/v2\/posts\/25807\/revisions"}],"wp:featuredmedia":[{"embeddable":true,"href":"https:\/\/chpantalya.com\/index.php?rest_route=\/wp\/v2\/media\/25792"}],"wp:attachment":[{"href":"https:\/\/chpantalya.com\/index.php?rest_route=%2Fwp%2Fv2%2Fmedia&parent=25807"}],"wp:term":[{"taxonomy":"category","embeddable":true,"href":"https:\/\/chpantalya.com\/index.php?rest_route=%2Fwp%2Fv2%2Fcategories&post=25807"},{"taxonomy":"post_tag","embeddable":true,"href":"https:\/\/chpantalya.com\/index.php?rest_route=%2Fwp%2Fv2%2Ftags&post=25807"}],"curies":[{"name":"wp","href":"https:\/\/api.w.org\/{rel}","templated":true}]}}