{"id":26318,"date":"2023-06-11T20:07:00","date_gmt":"2023-06-11T17:07:00","guid":{"rendered":"https:\/\/chpantalya.com\/?p=26318"},"modified":"2023-06-16T15:12:06","modified_gmt":"2023-06-16T12:12:06","slug":"erdem-e-devlet-verilerinin-calinmasi-iddiasini-meclis-gundemine-tasidi","status":"publish","type":"post","link":"https:\/\/chpantalya.com\/?p=26318","title":{"rendered":"ERDEM E-DEVLET VER\u0130LER\u0130N\u0130N \u00c7ALINMASI \u0130DD\u0130ASINI MECL\u0130S G\u00dcNDEM\u0130NE TA\u015eIDI"},"content":{"rendered":"\n<p><\/p>\n\n\n\n<p>CHP Antalya Milletvekili Mustafa Erdem, 85 Milyon yurtta\u015f\u0131n E-Devlet verilerinin \u00e7al\u0131nmas\u0131na ili\u015fkin iddialar hakk\u0131nda; \u0130\u00e7i\u015fleri Bakan\u0131 Ali Yerlikaya\u2019n\u0131n yan\u0131tlamas\u0131 istemiyle T\u00fcrkiye B\u00fcy\u00fck Millet Meclisi\u2019ne soru \u00f6nergesi verdi. Erdem, \u201cT\u00fcrkiye\u2019de ya\u015fayan 85 Milyon T\u00fcrk vatanda\u015f\u0131n\u0131n verilerinin, E-devlet uygulamas\u0131 \u00fczerinden ele ge\u00e7irildi\u011fi bilgisi kamuoyuna yans\u0131makta, buna istinaden \u201csorgupaneli.org\u201d isimli bir sitede sorgulama yap\u0131larak ki\u015filerin anne, baba isimlerine, T.C. kimlik numaralar\u0131na, telefon numaras\u0131na, akrabalar\u0131n\u0131n bilgilerine, \u015fahs\u0131n annesinin T.C. kimlik numaras\u0131na ve tapu bilgilerine dahi ula\u015f\u0131labildi\u011fi iddia edilmektedir. S\u00f6z konusu internet sitesi \u00fczerinden bu bilgilere \u00fccretsiz \u00fcyelik kar\u015f\u0131l\u0131\u011f\u0131 ula\u015f\u0131l\u0131rken tapu ve di\u011fer \u00f6zel bilgiler i\u00e7in ise site \u00fccretli \u00fcyelik istenerek ula\u015f\u0131lmaktad\u0131r.\u201d dedi.<\/p>\n\n\n\n<p>Bunun ulusal bir siber g\u00fcvenlik sorunu oldu\u011funu \u00f6ne s\u00fcren CHP\u2019li Mustafa Erdem, \u0130\u00e7i\u015fleri Bakanl\u0131\u011f\u0131\u2019n\u0131n bu konuda derhal bir soru\u015fturma ba\u015flatmas\u0131 ve web sitesi \u00fczerinden ula\u015ft\u0131\u011f\u0131 verileri k\u00f6t\u00fc ama\u00e7la kullanan, web sitesini kuran ki\u015filer ve E-devlet gibi herkesin \u00f6nemli ki\u015fisel bilgilerini bar\u0131nd\u0131ran bir kamu hizmetinin g\u00fcvenlik alt yap\u0131s\u0131n\u0131 sa\u011flayamayan sorumlu personeller hakk\u0131nda gerekli adli ve idari i\u015flemlerin derhal yap\u0131lmas\u0131 gerekti\u011fine vurgu yapt\u0131.<\/p>\n\n\n\n<p><strong>VATANDA\u015e DEVLETE NASIL G\u00dcVENECEK<\/strong><\/p>\n\n\n\n<p>Bu sorunun yol a\u00e7abilece\u011fi ma\u011fduriyetlere de\u011finen CHP\u2019li vekil, \u201cDevletin korumas\u0131 alt\u0131nda olmas\u0131 gereken ki\u015fisel verileri elde eden ki\u015filer, toplanan verileri bir araya getirerek kazan\u00e7 sa\u011flam\u0131\u015ft\u0131r. Bu durum, bilgileri ele ge\u00e7irilen ki\u015filer i\u00e7in bir\u00e7ok tehlikeye mahal vermektedir. E-devlet sistemi \u00e7er\u00e7evesinde ya\u015fanmas\u0131 ise t\u00fcm vatanda\u015flar\u0131n can ve mal g\u00fcvenli\u011fini tehdit etmektedir. Bir bakanl\u0131k nas\u0131l olur da devlet taraf\u0131ndan verilen hizmetlerin elektronik ortamda sunulmas\u0131na yarayan E- Devlet sisteminin g\u00fcvenli\u011fini sa\u011flayamaz? &nbsp;Vatanda\u015flar\u0131m\u0131z\u0131n ki\u015fisel bilgilerini koruyamayan devlete vatanda\u015f\u0131m\u0131z nas\u0131l g\u00fcvenecek?\u201d a\u00e7\u0131klamas\u0131nda bulundu.<\/p>\n\n\n\n<p>Erdem, \u201cAnayasada ki\u015fisel verilere eri\u015fim hakk\u0131 a\u00e7\u0131k\u00e7a d\u00fczenlenmi\u015ftir. Dolay\u0131s\u0131yla, E-devlet verilerini ele ge\u00e7irmek ve koruyamamak anayasal su\u00e7tur. H\u00fck\u00fcmetin bu konuda derhal gere\u011fini yapmas\u0131 laz\u0131m! Yine, 6698 Say\u0131l\u0131 Ki\u015fisel Verilerin Korunmas\u0131 Kanunu\u2019nun 11\u2019inci maddesinde ilgili ki\u015finin, kendisiyle ilgili ki\u015fisel veri i\u015flenip i\u015flenmedi\u011fini \u00f6\u011frenme ve ki\u015fisel veriler i\u015flenmi\u015fse buna ili\u015fkin bilgi talep etme hakk\u0131 bulunmakta. Yani ki\u015fisel verileri \u00e7al\u0131nan vatanda\u015f bu konuda mutlaka bilgilendirilmeli\u201d dedi.<\/p>\n\n\n\n<p>Konuya ili\u015fkin olarak CHP Antalya Milletvekili Mustafa Erdem\u2019in TBMM\u2019ye sundu\u011fu soru \u00f6nergesinde, \u0130\u00e7i\u015fleri Bakanl\u0131\u011f\u0131\u2019na ve ilgili olanlar\u0131 Adalet Bakanl\u0131\u011f\u0131\u2019na y\u00f6neltti\u011fi sorular \u015f\u00f6yle:<\/p>\n\n\n\n<ol type=\"1\"><li>S\u00f6z konusu internet sitesi taraf\u0131ndan bu bilgilerin e-devlet sistemi \u00fczerinden elde edildi\u011fi iddialar\u0131 do\u011fru mudur?<\/li><li>S\u00f6z konusu internet sitesi taraf\u0131ndan, vatanda\u015flara ait T.C. kimlik numaralar\u0131na, telefon numaras\u0131na, akrabalar\u0131n\u0131n bilgilerine ve hatta tapu bilgilerine e-devlet sistemi \u00fczerinden ula\u015f\u0131lmad\u0131ysa, nereden elde edilmi\u015ftir?<\/li><li>S\u00f6z konusu internet sitesi hakk\u0131nda ara\u015ft\u0131rma yap\u0131lm\u0131\u015f m\u0131d\u0131r? Elde edilen bulgular nelerdir?<\/li><li>S\u00f6z konusu internet sitesini kurmu\u015f olan ki\u015fi veya ki\u015filer tespit edilebilmi\u015f midir?<\/li><li>\u0130lgili ki\u015fi veya ki\u015filer hakk\u0131nda soru\u015fturma ba\u015flat\u0131lm\u0131\u015f m\u0131d\u0131r?<\/li><li>\u201csorgupaneli.org\u201d isimli siteye getirilmi\u015f olan eri\u015fim engelinin tarihi nedir? Bu eri\u015fim engeli karar\u0131 hangi mevzuat \u00e7er\u00e7evesinde, hangi kurum taraf\u0131ndan al\u0131nm\u0131\u015ft\u0131r? Karar\u0131n gerek\u00e7esi nedir?<\/li><li>Bilgilerin g\u00fcvenli\u011finden sorumlu kurum ve ki\u015filer kimlerdir? Kamu kurumlar\u0131m\u0131z\u0131n g\u00fcvenlik sistemlerinin kolayl\u0131kla hacklenmesinde, hangi kurum ve kurulu\u015flar\u0131n ihmali bulunmaktad\u0131r? Bu kurum\/ki\u015filer hakk\u0131nda adli\/idari i\u015flem ba\u015flat\u0131lm\u0131\u015f m\u0131d\u0131r?<\/li><li>\u00c7al\u0131nd\u0131\u011f\u0131 tespit edilen verilerin, s\u00f6z konusu internet sitesi taraf\u0131ndan kimlerle payla\u015f\u0131ld\u0131\u011f\u0131, bu ki\u015filerin bu bilgileri ne ama\u00e7la kullan\u0131ld\u0131\u011f\u0131na dair ayr\u0131ca bir i\u015flem yap\u0131lmakta m\u0131d\u0131r?<\/li><li>G\u00fcn\u00fcm\u00fcz itibar\u0131yla, E-devlet sisteminde kay\u0131tl\u0131 bulunan veriler hangi g\u00fcvenlik y\u00f6ntemleri ile korunmaktad\u0131r? Bu do\u011frultuda do\u011frudan g\u00f6rev alm\u0131\u015f olan g\u00fcvenlik firmas\u0131 \/ kurum veya kurulu\u015fu hangisidir?<\/li><li>Ulusal siber g\u00fcvenlik sorunu olarak nitelendirilebilecek bu olayda, t\u00fcm vatanda\u015flar\u0131m\u0131za kar\u015f\u0131 olu\u015fabilecek ma\u011fduriyetlerin \u00f6nlenmesi ad\u0131na bakanl\u0131\u011f\u0131n\u0131z taraf\u0131ndan veya di\u011fer kurum ve kurulu\u015flarla ortakla\u015fa al\u0131nan, al\u0131nmas\u0131 planlanan tedbirler ve detaylar\u0131 (zaman, y\u00f6ntem, kapsam vb.) nelerdir?<\/li><li>Ka\u00e7 ki\u015finin ki\u015fisel verileri \u00e7al\u0131nm\u0131\u015ft\u0131r? Ki\u015fisel verilerinin \u00e7al\u0131nd\u0131\u011f\u0131 tespit edilen vatanda\u015flara konu hakk\u0131nda bilgilendirme ve uyar\u0131larda bulunulmu\u015f mudur?<\/li><li>Yak\u0131n zamanda YSK verilerinin de ele ge\u00e7irildi\u011fi iddias\u0131 do\u011fru mudur? Buna y\u00f6nelik bir soru\u015fturma ya da adli \/ idari i\u015flem ba\u015flat\u0131lm\u0131\u015f m\u0131d\u0131r? Ba\u015flat\u0131lm\u0131\u015f ise detaylar\u0131 nelerdir?<\/li><li>N\u00fcfus \u0130daresinde 20 y\u0131ld\u0131r yaz\u0131l\u0131m yapan \u201cKale Yaz\u0131l\u0131m\u201d adl\u0131 yaz\u0131l\u0131m firmas\u0131n\u0131n, Ocak 2023 tarihinde el de\u011fi\u015ftirdi\u011fi, Turkcell\u2019e ait Global IT&nbsp;ad\u0131nda bir firman\u0131n, s\u00f6z konusu firmay\u0131 sat\u0131n ald\u0131\u011f\u0131 iddialar\u0131do\u011fru mudur? S\u00f6z konusu ulusal siber g\u00fcvenlik sorununun bu olayla ilgisi ara\u015ft\u0131r\u0131lm\u0131\u015f m\u0131d\u0131r? Global IT adl\u0131 firma hakk\u0131nda adli \/ idari i\u015flem ba\u015flat\u0131lm\u0131\u015f m\u0131d\u0131r?<\/li><\/ol>\n","protected":false},"excerpt":{"rendered":"<p>CHP Antalya Milletvekili Mustafa Erdem, 85 Milyon yurtta\u015f\u0131n E-Devlet verilerinin \u00e7al\u0131nmas\u0131na ili\u015fkin iddialar hakk\u0131nda; \u0130\u00e7i\u015fleri Bakan\u0131 Ali Yerlikaya\u2019n\u0131n yan\u0131tlamas\u0131 istemiyle T\u00fcrkiye B\u00fcy\u00fck Millet Meclisi\u2019ne soru \u00f6nergesi verdi. Erdem, \u201cT\u00fcrkiye\u2019de ya\u015fayan 85 Milyon T\u00fcrk vatanda\u015f\u0131n\u0131n verilerinin, E-devlet uygulamas\u0131 \u00fczerinden ele ge\u00e7irildi\u011fi bilgisi kamuoyuna yans\u0131makta, buna istinaden \u201csorgupaneli.org\u201d isimli bir sitede sorgulama yap\u0131larak ki\u015filerin anne, baba isimlerine, [&hellip;]<\/p>\n","protected":false},"author":2333,"featured_media":26319,"comment_status":"closed","ping_status":"open","sticky":false,"template":"","format":"standard","meta":[],"categories":[1,35,387],"tags":[],"amp_enabled":true,"_links":{"self":[{"href":"https:\/\/chpantalya.com\/index.php?rest_route=\/wp\/v2\/posts\/26318"}],"collection":[{"href":"https:\/\/chpantalya.com\/index.php?rest_route=\/wp\/v2\/posts"}],"about":[{"href":"https:\/\/chpantalya.com\/index.php?rest_route=\/wp\/v2\/types\/post"}],"author":[{"embeddable":true,"href":"https:\/\/chpantalya.com\/index.php?rest_route=\/wp\/v2\/users\/2333"}],"replies":[{"embeddable":true,"href":"https:\/\/chpantalya.com\/index.php?rest_route=%2Fwp%2Fv2%2Fcomments&post=26318"}],"version-history":[{"count":0,"href":"https:\/\/chpantalya.com\/index.php?rest_route=\/wp\/v2\/posts\/26318\/revisions"}],"wp:featuredmedia":[{"embeddable":true,"href":"https:\/\/chpantalya.com\/index.php?rest_route=\/wp\/v2\/media\/26319"}],"wp:attachment":[{"href":"https:\/\/chpantalya.com\/index.php?rest_route=%2Fwp%2Fv2%2Fmedia&parent=26318"}],"wp:term":[{"taxonomy":"category","embeddable":true,"href":"https:\/\/chpantalya.com\/index.php?rest_route=%2Fwp%2Fv2%2Fcategories&post=26318"},{"taxonomy":"post_tag","embeddable":true,"href":"https:\/\/chpantalya.com\/index.php?rest_route=%2Fwp%2Fv2%2Ftags&post=26318"}],"curies":[{"name":"wp","href":"https:\/\/api.w.org\/{rel}","templated":true}]}}