{"id":26332,"date":"2023-06-17T12:10:19","date_gmt":"2023-06-17T09:10:19","guid":{"rendered":"https:\/\/chpantalya.com\/?p=26332"},"modified":"2023-06-17T12:10:27","modified_gmt":"2023-06-17T09:10:27","slug":"cavit-ari-kepez-karsiyaka-mahallesinin-ilkokul-ihtiyaci-acilen-giderilmelidir","status":"publish","type":"post","link":"https:\/\/chpantalya.com\/?p=26332","title":{"rendered":"CAV\u0130T ARI: KEPEZ KAR\u015eIYAKA MAHALLES\u0130\u2019N\u0130N \u0130LKOKUL \u0130HT\u0130YACI AC\u0130LEN G\u0130DER\u0130LMEL\u0130D\u0130R"},"content":{"rendered":"\n<p><\/p>\n\n\n\n<p>CHP Antalya Milletvekili Cavit Ar\u0131,&nbsp; Antalya ili Kepez il\u00e7esi Kar\u015f\u0131yaka mahallesindeki ilkokul ihtiyac\u0131na dair Milli E\u011fitim Bakan\u0131 Yunus Tekin taraf\u0131ndan yan\u0131tlanmas\u0131 istemiyle soru \u00f6nergesi verdi.<\/p>\n\n\n\n<p>\u201cKepez Kar\u015f\u0131yaka Mahallesi\u2019nin ilkokul ihtiyac\u0131 acilen giderilmelidir diyen\u201d Ar\u0131 \u015funlar\u0131 s\u00f6yledi:<\/p>\n\n\n\n<p><strong>B\u0130NE YAKIN \u0130LKOKUL \u00c7A\u011eINDA \u00c7OCUK MA\u011eDUR<\/strong><\/p>\n\n\n\n<p>\u201cAntalya Kepez il\u00e7esinde bulunan Kar\u015f\u0131yaka Mahallesi 15.500 n\u00fcfusu ve yakla\u015f\u0131k 1.000\u2019e yak\u0131n ilkokul \u00e7a\u011f\u0131nda \u00e7ocu\u011fu olan 9. b\u00fcy\u00fck mahallesidir. Kar\u015f\u0131yaka mahallesinde ilkokul yap\u0131labilmesi i\u00e7in tahsis edilmi\u015f bir arsa bulunmakla birlikte halen bir tane dahi ilkokul yoktur. Mahallenin ilk okula acil ihtiyac\u0131 bulunmakla birlikte y\u0131llard\u0131r bu sorun giderilememi\u015f ve mahalleye bir ilkokul kazand\u0131ramam\u0131\u015ft\u0131r.<\/p>\n\n\n\n<p>Ayr\u0131ca mahallenin etraf\u0131 Gazi Bulvar\u0131, Sakarya Bulvar\u0131, Y\u0131ld\u0131r\u0131m Beyaz\u0131t Caddesi ve Karayusuf caddeleri ile \u00e7evrili oldu\u011fu da dikkate al\u0131nd\u0131\u011f\u0131nda \u00e7ocuklar\u0131n ba\u015fka mahallelerdeki ilkokullara gidi\u015f ve geli\u015fleri de can g\u00fcvenli\u011fi a\u00e7\u0131s\u0131ndan da tehlike ta\u015f\u0131maktad\u0131r.<\/p>\n\n\n\n<p>Ar\u0131, Bakan Tekin\u2019e \u015fu sorular\u0131 sordu:Antalya ili Kepez il\u00e7esi Kar\u015f\u0131yaka mahallesinde ihtiya\u00e7 olan ilkokul sorunu ne zaman \u00e7\u00f6z\u00fclecektir? Okul yap\u0131m\u0131 i\u00e7in mevcut b\u00fct\u00e7ede \u00f6denek var m\u0131d\u0131r? Yoksa \u00f6n\u00fcm\u00fczdeki y\u0131l i\u00e7in b\u00fct\u00e7eleme ve planlama yap\u0131lacak m\u0131d\u0131r?<\/p>\n","protected":false},"excerpt":{"rendered":"<p>CHP Antalya Milletvekili Cavit Ar\u0131,&nbsp; Antalya ili Kepez il\u00e7esi Kar\u015f\u0131yaka mahallesindeki ilkokul ihtiyac\u0131na dair Milli E\u011fitim Bakan\u0131 Yunus Tekin taraf\u0131ndan yan\u0131tlanmas\u0131 istemiyle soru \u00f6nergesi verdi. \u201cKepez Kar\u015f\u0131yaka Mahallesi\u2019nin ilkokul ihtiyac\u0131 acilen giderilmelidir diyen\u201d Ar\u0131 \u015funlar\u0131 s\u00f6yledi: B\u0130NE YAKIN \u0130LKOKUL \u00c7A\u011eINDA \u00c7OCUK MA\u011eDUR \u201cAntalya Kepez il\u00e7esinde bulunan Kar\u015f\u0131yaka Mahallesi 15.500 n\u00fcfusu ve yakla\u015f\u0131k 1.000\u2019e yak\u0131n ilkokul [&hellip;]<\/p>\n","protected":false},"author":2333,"featured_media":26333,"comment_status":"closed","ping_status":"open","sticky":false,"template":"","format":"standard","meta":[],"categories":[63,35],"tags":[],"amp_enabled":true,"_links":{"self":[{"href":"https:\/\/chpantalya.com\/index.php?rest_route=\/wp\/v2\/posts\/26332"}],"collection":[{"href":"https:\/\/chpantalya.com\/index.php?rest_route=\/wp\/v2\/posts"}],"about":[{"href":"https:\/\/chpantalya.com\/index.php?rest_route=\/wp\/v2\/types\/post"}],"author":[{"embeddable":true,"href":"https:\/\/chpantalya.com\/index.php?rest_route=\/wp\/v2\/users\/2333"}],"replies":[{"embeddable":true,"href":"https:\/\/chpantalya.com\/index.php?rest_route=%2Fwp%2Fv2%2Fcomments&post=26332"}],"version-history":[{"count":0,"href":"https:\/\/chpantalya.com\/index.php?rest_route=\/wp\/v2\/posts\/26332\/revisions"}],"wp:featuredmedia":[{"embeddable":true,"href":"https:\/\/chpantalya.com\/index.php?rest_route=\/wp\/v2\/media\/26333"}],"wp:attachment":[{"href":"https:\/\/chpantalya.com\/index.php?rest_route=%2Fwp%2Fv2%2Fmedia&parent=26332"}],"wp:term":[{"taxonomy":"category","embeddable":true,"href":"https:\/\/chpantalya.com\/index.php?rest_route=%2Fwp%2Fv2%2Fcategories&post=26332"},{"taxonomy":"post_tag","embeddable":true,"href":"https:\/\/chpantalya.com\/index.php?rest_route=%2Fwp%2Fv2%2Ftags&post=26332"}],"curies":[{"name":"wp","href":"https:\/\/api.w.org\/{rel}","templated":true}]}}