{"id":26575,"date":"2023-10-29T12:33:30","date_gmt":"2023-10-29T09:33:30","guid":{"rendered":"https:\/\/chpantalya.com\/?p=26575"},"modified":"2023-10-29T12:39:12","modified_gmt":"2023-10-29T09:39:12","slug":"26575","status":"publish","type":"post","link":"https:\/\/chpantalya.com\/?p=26575","title":{"rendered":"29 EK\u0130M 1923 \u00c7A\u011eDA\u015e \u00dcLKELERLE YARI\u015eACAK \u015eANLI \u015eEREFL\u0130 B\u0130R \u00dcLKEN\u0130N DO\u011eUM G\u00dcN\u00dcD\u00dcR"},"content":{"rendered":"\n<p><strong>29 Ekim 1923,<\/strong><\/p>\n\n\n\n<p><strong>\u00c7A\u011eDA\u015e \u00dcLKELERLE YARI\u015eACAK \u015eANLI \u015eEREFL\u0130<\/strong><\/p>\n\n\n\n<p><strong>B\u0130R \u00dcLKEN\u0130N DO\u011eUM G\u00dcN\u00dcD\u00dcR<\/strong><\/p>\n\n\n\n<p>CHP \u0130l Ba\u015fkan\u0131 Nail Kamac\u0131 29 Ekim Cumhuriyet Bayram\u0131 nedeniyle CHP \u0130l Ba\u015fkanlar\u0131 olarak e\u015f zamanl\u0131 a\u00e7\u0131klama d\u00fczenledi.<\/p>\n\n\n\n<p>\u201c \u00dclkemizi ba\u015fka devletlerin g\u00fcd\u00fcm\u00fcne sokacak, g\u00fcvenli\u011fimizi, gelece\u011fimizi, \u00e7\u0131karlar\u0131m\u0131z\u0131 d\u00fc\u015f\u00fcnmeden hareket edecek her kim olursa olsun kar\u015f\u0131s\u0131nda T\u00fcrkiye Cumhuriyeti\u2019ni seven milyonlar\u0131 bulacakt\u0131r\u201d diyen \u0130l Ba\u015fkan\u0131 Kamac\u0131, \u201cHalk\u0131n egemenli\u011fini ve iktidar\u0131n\u0131 kazand\u0131\u011f\u0131 29 Ekim 1923, herkesi e\u015fit k\u0131lan, insanlar\u0131m\u0131z\u0131n kulluktan vatanda\u015fl\u0131\u011fa kavu\u015ftu\u011fu, kad\u0131n\u0131n ikinci s\u0131n\u0131f olmaktan kurtuldu\u011fu d\u00f6nemin ba\u015flad\u0131\u011f\u0131 g\u00fcnd\u00fcr. 29 Ekim 1923, egemen devletlerin bu topraklar \u00fczerindeki hayallerinin suya d\u00fc\u015ft\u00fc\u011f\u00fc g\u00fcnd\u00fcr. Dedi.<\/p>\n\n\n\n<p><strong>CHP \u0130l Ba\u015fkan\u0131 Nail Kamac\u0131 yapt\u0131\u011f\u0131 a\u00e7\u0131klama \u015f\u00f6yle;<\/strong><\/p>\n\n\n\n<p>\u201cUzun ve \u00e7ok zorlu m\u00fccadelelerin ard\u0131ndan muazzam bir yoklu\u011fa, yoksullu\u011fa ve devasa bor\u00e7lara ra\u011fmen; \u00fclkemizin kurucusu ba\u015fta Ulu \u00d6nderimiz Gazi Mustafa Kemal Atat\u00fcrk olmak \u00fczere, silah arkada\u015flar\u0131 ve milletin topyek\u00fbn inanc\u0131yla, imkans\u0131zl\u0131klar i\u00e7erisinde, 100 y\u0131l \u00f6nce bug\u00fcn, varl\u0131\u011f\u0131m\u0131z\u0131n sebebi Cumhuriyetimiz ilan edildi.<\/p>\n\n\n\n<p>Hepimiz; bu b\u00fcy\u00fck ac\u0131lar\u0131n ve yokluklar\u0131n i\u00e7inde sava\u015farak bize vatan yaratm\u0131\u015f bir milletin torunlar\u0131y\u0131z. T\u00fcrkiye Cumhuriyeti; bu co\u011frafyaya 100 y\u0131l \u00f6nce g\u00fcne\u015f gibi do\u011fmu\u015f, imrenilen, k\u0131skan\u0131lan ve \u00f6rnek al\u0131nan bir devlet olmu\u015ftur. Ulu \u00d6nderimiz Atat\u00fcrk sadece bu topraklar i\u00e7in de\u011fil, \u00e7a\u011fda\u015f ve medeni bir toplum olmak i\u00e7in de b\u00fcy\u00fck sava\u015f vermi\u015ftir.<\/p>\n\n\n\n<p>B\u00fcy\u00fck Atat\u00fcrk\u2019\u00fcn a\u00e7t\u0131\u011f\u0131 ayd\u0131nl\u0131k yolda k\u0131sa zamanda b\u00fcy\u00fck devrimlerle g\u00fcc\u00fcn\u00fc g\u00f6steren gen\u00e7 T\u00fcrkiye Cumhuriyeti, bor\u00e7lar\u0131n\u0131 \u00f6derken e\u011fitimden sanayiye, sosyal haklardan k\u00fclt\u00fcr sanata her alanda \u00e7a\u011f atlayan, h\u0131zla geli\u015fen ve sayg\u0131 g\u00f6ren bir \u00fclke olmu\u015ftur.<\/p>\n\n\n\n<p>Halk\u0131n egemenli\u011fini ve iktidar\u0131n\u0131 kazand\u0131\u011f\u0131 29 Ekim 1923, herkesi e\u015fit k\u0131lan, insanlar\u0131m\u0131z\u0131n kulluktan vatanda\u015fl\u0131\u011fa kavu\u015ftu\u011fu, kad\u0131n\u0131n ikinci s\u0131n\u0131f olmaktan kurtuldu\u011fu d\u00f6nemin ba\u015flad\u0131\u011f\u0131 g\u00fcnd\u00fcr. 29 Ekim 1923, egemen devletlerin bu topraklar \u00fczerindeki hayallerinin suya d\u00fc\u015ft\u00fc\u011f\u00fc g\u00fcnd\u00fcr. 29 Ekim 1923, \u00e7a\u011fda\u015f \u00fclkelerle yar\u0131\u015facak \u015fanl\u0131 \u015ferefli bir \u00fclkenin do\u011fum g\u00fcn\u00fcd\u00fcr.<\/p>\n\n\n\n<p>\u0130lk maddesinde T\u00fcrkiye Devleti\u2019nin bir Cumhuriyet oldu\u011fu belirtilen Anayasam\u0131z, hemen ard\u0131ndan gelen maddede \u201cT\u00fcrkiye Cumhuriyeti, toplumun huzuru, mill\u00ee dayan\u0131\u015fma ve adalet anlay\u0131\u015f\u0131 i\u00e7inde, insan haklar\u0131na sayg\u0131l\u0131, Atat\u00fcrk milliyet\u00e7ili\u011fine ba\u011fl\u0131, ba\u015flang\u0131\u00e7ta belirtilen temel ilkelere dayanan, demokratik, l\u00e2ik ve sosyal bir hukuk devletidir\u201d der. Bug\u00fcn ise 100. ya\u015f\u0131na girmi\u015f Cumhuriyetimizde, yine Anayasam\u0131zda yer alan d\u00fc\u015f\u00fcnce, din ve vicdan, haberle\u015fme, toplant\u0131 ve g\u00f6steri, bas\u0131n, sanat alanlar\u0131ndaki \u00f6zg\u00fcrl\u00fcklerden; ya\u015fama, e\u011fitim \u00f6\u011fretim, sa\u011fl\u0131k, \u00e7evre, bar\u0131nma ve sosyal g\u00fcvenlik haklar\u0131na kadar kazan\u00e7lar\u0131m\u0131z i\u00e7in tekrar m\u00fccadele veriyoruz.<\/p>\n\n\n\n<p>\u201c\u00d6zg\u00fcrl\u00fck ve ba\u011f\u0131ms\u0131zl\u0131k benim karakterimdir\u201d diyen Kurucu \u00d6nderimizin izinde yasaklara, haks\u0131zl\u0131\u011fa, hukuksuzlu\u011fa, e\u015fitsizli\u011fe boyun e\u011fmemiz m\u00fcmk\u00fcn de\u011fildir. \u00dclkemizi ba\u015fka devletlerin g\u00fcd\u00fcm\u00fcne sokacak, g\u00fcvenli\u011fimizi, gelece\u011fimizi, \u00e7\u0131karlar\u0131m\u0131z\u0131 d\u00fc\u015f\u00fcnmeden hareket edecek her kim olursa olsun kar\u015f\u0131s\u0131nda T\u00fcrkiye Cumhuriyeti\u2019ni seven milyonlar\u0131 bulacakt\u0131r.<\/p>\n\n\n\n<p>Bu g\u00fcc\u00fcn mimar\u0131 Gazi Mustafa Kemal Atat\u00fcrk\u2019\u00fcn kurdu\u011fu bu e\u015fsiz \u00fclkenin vatanda\u015flar\u0131, Cumhuriyetimizin 100. y\u0131l\u0131n\u0131 b\u00fct\u00fcn d\u00fcnyaya duyurmak yerine kendine bahanelerden z\u0131rh yapanlara ve ki\u015fisel ihtiraslar\u0131na feda edilemeyecek kadar de\u011ferlidir.<\/p>\n\n\n\n<p>\u00c7ocuklu\u011funu, gen\u00e7li\u011fini, emeklili\u011fini insanca ya\u015fayan, \u00e7al\u0131\u015fmas\u0131n\u0131n kar\u015f\u0131l\u0131\u011f\u0131n\u0131 alan, \u00e7a\u011fda\u015f e\u011fitime eri\u015fen, sa\u011fl\u0131k hizmeti alan, ger\u00e7eklerden haberdar olan, sanat\u0131n\u0131 icra eden, protesto hakk\u0131n\u0131 kullanan, din ve vicdan \u00f6zg\u00fcrl\u00fc\u011f\u00fc olan, hukuk \u015femsiyesi alt\u0131nda gelece\u011fe umutla bakan, fikri ve vicdan\u0131 h\u00fcr yurtta\u015flar olarak ya\u015famak i\u00e7in tek \u00e7are; demokrasinin, laikli\u011fin, \u00e7a\u011fda\u015fl\u0131\u011f\u0131n ve \u00f6zg\u00fcr d\u00fc\u015f\u00fcncenin teminat\u0131 olan Cumhuriyetimize sahip \u00e7\u0131kmakt\u0131r. Cumhuriyete sahip \u00e7\u0131kmak, ayn\u0131 zamanda, tek adam zihniyetine kar\u015f\u0131 milletin egemenli\u011fini, ki\u015fisel \u00e7\u0131karlara kar\u015f\u0131 kamu yarar\u0131n\u0131 ve toplumun kolektif \u00e7\u0131kar\u0131n\u0131 da savunmakt\u0131r.<\/p>\n\n\n\n<p>B\u00fcy\u00fck Atat\u00fcrk\u2019\u00fcn \u201cCumhuriyet d\u00fc\u015f\u00fcnce, beden ve bilim bak\u0131m\u0131ndan g\u00fc\u00e7l\u00fc koruyucular ister. Cumhuriyeti biz kurduk, onu y\u00fckseltecek ve ya\u015fatacak s\u00eezsiniz\u201d dedi\u011fi gibi bu u\u011furda m\u00fccadele etmek, bu \u00fclkenin \u00f6z evlad\u0131 olan herkesin atalar\u0131na olan en b\u00fcy\u00fck borcu ve sorumlulu\u011fudur. Bu duygu ve d\u00fc\u015f\u00fcncelerle ba\u011f\u0131ms\u0131zl\u0131k ve \u00f6zg\u00fcrl\u00fck ad\u0131na can\u0131 pahas\u0131na m\u00fccadele eden Ulu \u00d6nderimiz Gazi Mustafa Kemal Atat\u00fcrk ba\u015fta olmak \u00fczere, dava arkada\u015flar\u0131n\u0131, Mill\u00ee M\u00fccadele kahramanlar\u0131m\u0131z\u0131 ve t\u00fcm \u015fehitlerimizi rahmetle ve minnetle an\u0131yor ve 29 Ekim Cumhuriyet Bayram\u0131\u2019n\u0131 kutluyoruz.\u201d Dedi.<\/p>\n","protected":false},"excerpt":{"rendered":"<p>29 Ekim 1923, \u00c7A\u011eDA\u015e \u00dcLKELERLE YARI\u015eACAK \u015eANLI \u015eEREFL\u0130 B\u0130R \u00dcLKEN\u0130N DO\u011eUM G\u00dcN\u00dcD\u00dcR CHP \u0130l Ba\u015fkan\u0131 Nail Kamac\u0131 29 Ekim Cumhuriyet Bayram\u0131 nedeniyle CHP \u0130l Ba\u015fkanlar\u0131 olarak e\u015f zamanl\u0131 a\u00e7\u0131klama d\u00fczenledi. \u201c \u00dclkemizi ba\u015fka devletlerin g\u00fcd\u00fcm\u00fcne sokacak, g\u00fcvenli\u011fimizi, gelece\u011fimizi, \u00e7\u0131karlar\u0131m\u0131z\u0131 d\u00fc\u015f\u00fcnmeden hareket edecek her kim olursa olsun kar\u015f\u0131s\u0131nda T\u00fcrkiye Cumhuriyeti\u2019ni seven milyonlar\u0131 bulacakt\u0131r\u201d diyen \u0130l Ba\u015fkan\u0131 [&hellip;]<\/p>\n","protected":false},"author":2333,"featured_media":26577,"comment_status":"closed","ping_status":"open","sticky":false,"template":"","format":"standard","meta":[],"categories":[58,1],"tags":[],"amp_enabled":true,"_links":{"self":[{"href":"https:\/\/chpantalya.com\/index.php?rest_route=\/wp\/v2\/posts\/26575"}],"collection":[{"href":"https:\/\/chpantalya.com\/index.php?rest_route=\/wp\/v2\/posts"}],"about":[{"href":"https:\/\/chpantalya.com\/index.php?rest_route=\/wp\/v2\/types\/post"}],"author":[{"embeddable":true,"href":"https:\/\/chpantalya.com\/index.php?rest_route=\/wp\/v2\/users\/2333"}],"replies":[{"embeddable":true,"href":"https:\/\/chpantalya.com\/index.php?rest_route=%2Fwp%2Fv2%2Fcomments&post=26575"}],"version-history":[{"count":0,"href":"https:\/\/chpantalya.com\/index.php?rest_route=\/wp\/v2\/posts\/26575\/revisions"}],"wp:featuredmedia":[{"embeddable":true,"href":"https:\/\/chpantalya.com\/index.php?rest_route=\/wp\/v2\/media\/26577"}],"wp:attachment":[{"href":"https:\/\/chpantalya.com\/index.php?rest_route=%2Fwp%2Fv2%2Fmedia&parent=26575"}],"wp:term":[{"taxonomy":"category","embeddable":true,"href":"https:\/\/chpantalya.com\/index.php?rest_route=%2Fwp%2Fv2%2Fcategories&post=26575"},{"taxonomy":"post_tag","embeddable":true,"href":"https:\/\/chpantalya.com\/index.php?rest_route=%2Fwp%2Fv2%2Ftags&post=26575"}],"curies":[{"name":"wp","href":"https:\/\/api.w.org\/{rel}","templated":true}]}}