{"id":26685,"date":"2023-11-23T13:41:03","date_gmt":"2023-11-23T10:41:03","guid":{"rendered":"https:\/\/chpantalya.com\/?p=26685"},"modified":"2023-11-23T13:41:03","modified_gmt":"2023-11-23T10:41:03","slug":"baskan-kamacinin-ogretmenler-gunu-mesaji","status":"publish","type":"post","link":"https:\/\/chpantalya.com\/?p=26685","title":{"rendered":"Ba\u015fkan Kamac\u0131\u2019n\u0131n \u00d6\u011fretmenler G\u00fcn\u00fc mesaj\u0131"},"content":{"rendered":"\n<p><\/p>\n\n\n\n<p>\u201cMilletleri kurtaranlar yaln\u0131z ve ancak \u00f6\u011fretmenlerdir. \u00d6\u011fretmenden, e\u011fiticiden yoksun bir millet, hen\u00fcz millet ad\u0131n\u0131 almak kabiliyetini kazanmam\u0131\u015ft\u0131r. \u00d6\u011fretmenler! Yeni nesil sizin eseriniz olacakt\u0131r\u201d<\/p>\n\n\n\n<p>Ba\u015f\u00f6\u011fretmenimiz Mustafa Kemal Atat\u00fcrk\u2019\u00fcn izinde, fikri h\u00fcr, irfan\u0131 h\u00fcr, vicdan\u0131 h\u00fcr nesiller yeti\u015ftiren t\u00fcm \u00f6\u011fretmenlerimizin, 24 Kas\u0131m \u00d6\u011fretmenler G\u00fcn\u00fc\u2019n\u00fc kutluyorum.<\/p>\n\n\n\n<p>\u00d6\u011fretmenlerimizin hi\u00e7birinin hakk\u0131 asla \u00f6denmez. Onlara sayg\u0131m\u0131z\u0131, sevgimizi ne kadar sunsak azd\u0131r. Ancak, onlar\u0131n eme\u011finin hakk\u0131, sadece 24 Kas\u0131m\u2019da onlar\u0131 anarak \u00f6denemez.<\/p>\n\n\n\n<p>\u00c7ocuklar\u0131m\u0131z\u0131, gen\u00e7lerimizi, gelece\u011fimizi emanet etti\u011fimiz \u00f6\u011fretmenlerimizin b\u00fcy\u00fck bir k\u0131sm\u0131 yoksulluk s\u0131n\u0131r\u0131n\u0131n alt\u0131nda \u00fccret al\u0131yor. G\u00fcvencesiz, esnek ko\u015fullara mahkum ediliyor. \u00dccretli, s\u00f6zle\u015fmeli, kadrolu ayr\u0131m\u0131yla farkl\u0131 farkl\u0131 stat\u00fcler yarat\u0131l\u0131yor. Y\u00fcz binlerce \u00f6\u011fretmenimiz y\u0131llarca atama bekliyor.<\/p>\n\n\n\n<p>\u00d6\u011fretmenlerimizin sorunlar\u0131 \u00e7\u00f6z\u00fclmeden e\u011fitimin sorunlar\u0131 \u00e7\u00f6z\u00fclemez. AKP iktidar\u0131, Milli E\u011fitim Bakanl\u0131\u011f\u0131 \u00fczerinden y\u0131llard\u0131r yapboz tahtas\u0131na \u00e7evirdi\u011fi e\u011fitim sistemini, end\u00fcstriyel-ticari bir sekt\u00f6r haline getirmi\u015ftir. E\u011fitim ve \u00f6\u011fretim kurumlar\u0131 siyasal a\u00e7\u0131dan da kendi gerici d\u00fcnya g\u00f6r\u00fc\u015flerini yaymak i\u00e7in bir ara\u00e7 olarak kullan\u0131lmaktad\u0131r.<\/p>\n\n\n\n<p>Bizim derdimiz; \u00e7a\u011fa uygun, evrensel ve ulusal de\u011ferlerle ayn\u0131 \u00f6l\u00e7\u00fcde bar\u0131\u015f\u0131k, ger\u00e7ekten laik, demokratik ve bilimsel d\u00fczeyde bir e\u011fitim sisteminin in\u015fa edilmesidir. Bunun yolu da \u00f6\u011fretmenlerimizin insani \u015fartlarda ya\u015fayabilecekleri bir d\u00fczene, \u00f6zl\u00fck haklar\u0131na, kamusal g\u00fcvenceye sahip olmalar\u0131ndan ge\u00e7mektedir.<\/p>\n\n\n\n<p>Ancak \u015fu anki ko\u015fullarda ivedi olarak \u015fu d\u00fczenlemelerin yap\u0131lmas\u0131 gerekmektedir:<\/p>\n\n\n\n<p>\u00d6\u011fretmenlere 24 Kas\u0131m \u00d6\u011fretmenler G\u00fcn\u00fc\u2019nde birer maa\u015f ikramiye verilmelidir.<\/p>\n\n\n\n<p>S\u00f6zle\u015fmeli ve \u00fccretli \u00f6\u011fretmen uygulamas\u0131na son verilmeli, t\u00fcm \u00f6\u011fretmenler kadroya al\u0131nmal\u0131d\u0131r.<\/p>\n\n\n\n<p>\u00d6\u011fretmenler \u00fccretli ve s\u00f6zle\u015fmeli de\u011fil, kadrolu atanmal\u0131, stat\u00fc, ek g\u00f6sterge ve ek ders \u00fccretleri iyile\u015ftirilmelidir.<\/p>\n\n\n\n<p>Devlet okullar\u0131n\u0131n t\u00fcm ihtiya\u00e7lar\u0131 genel b\u00fct\u00e7eden kar\u015f\u0131lanmal\u0131, kamu kaynaklar\u0131n\u0131n \u00f6zel okullara aktar\u0131lmas\u0131 uygulamas\u0131na derhal son verilmelidir.<\/p>\n\n\n\n<p>\u00d6\u011fretmenlerin \u00f6zl\u00fck haklar\u0131 yasal g\u00fcvence alt\u0131na al\u0131nmas\u0131, Meslek Kanunu \u00e7\u0131kart\u0131lmal\u0131d\u0131r.<\/p>\n\n\n\n<p><strong>NA\u0130L KAMACI<\/strong><\/p>\n\n\n\n<p><strong>CHP ANTALYA \u0130L BA\u015eKANI<\/strong><\/p>\n","protected":false},"excerpt":{"rendered":"<p>\u201cMilletleri kurtaranlar yaln\u0131z ve ancak \u00f6\u011fretmenlerdir. \u00d6\u011fretmenden, e\u011fiticiden yoksun bir millet, hen\u00fcz millet ad\u0131n\u0131 almak kabiliyetini kazanmam\u0131\u015ft\u0131r. \u00d6\u011fretmenler! Yeni nesil sizin eseriniz olacakt\u0131r\u201d Ba\u015f\u00f6\u011fretmenimiz Mustafa Kemal Atat\u00fcrk\u2019\u00fcn izinde, fikri h\u00fcr, irfan\u0131 h\u00fcr, vicdan\u0131 h\u00fcr nesiller yeti\u015ftiren t\u00fcm \u00f6\u011fretmenlerimizin, 24 Kas\u0131m \u00d6\u011fretmenler G\u00fcn\u00fc\u2019n\u00fc kutluyorum. \u00d6\u011fretmenlerimizin hi\u00e7birinin hakk\u0131 asla \u00f6denmez. Onlara sayg\u0131m\u0131z\u0131, sevgimizi ne kadar sunsak azd\u0131r. [&hellip;]<\/p>\n","protected":false},"author":2333,"featured_media":26686,"comment_status":"closed","ping_status":"open","sticky":false,"template":"","format":"standard","meta":[],"categories":[58],"tags":[],"amp_enabled":true,"_links":{"self":[{"href":"https:\/\/chpantalya.com\/index.php?rest_route=\/wp\/v2\/posts\/26685"}],"collection":[{"href":"https:\/\/chpantalya.com\/index.php?rest_route=\/wp\/v2\/posts"}],"about":[{"href":"https:\/\/chpantalya.com\/index.php?rest_route=\/wp\/v2\/types\/post"}],"author":[{"embeddable":true,"href":"https:\/\/chpantalya.com\/index.php?rest_route=\/wp\/v2\/users\/2333"}],"replies":[{"embeddable":true,"href":"https:\/\/chpantalya.com\/index.php?rest_route=%2Fwp%2Fv2%2Fcomments&post=26685"}],"version-history":[{"count":0,"href":"https:\/\/chpantalya.com\/index.php?rest_route=\/wp\/v2\/posts\/26685\/revisions"}],"wp:featuredmedia":[{"embeddable":true,"href":"https:\/\/chpantalya.com\/index.php?rest_route=\/wp\/v2\/media\/26686"}],"wp:attachment":[{"href":"https:\/\/chpantalya.com\/index.php?rest_route=%2Fwp%2Fv2%2Fmedia&parent=26685"}],"wp:term":[{"taxonomy":"category","embeddable":true,"href":"https:\/\/chpantalya.com\/index.php?rest_route=%2Fwp%2Fv2%2Fcategories&post=26685"},{"taxonomy":"post_tag","embeddable":true,"href":"https:\/\/chpantalya.com\/index.php?rest_route=%2Fwp%2Fv2%2Ftags&post=26685"}],"curies":[{"name":"wp","href":"https:\/\/api.w.org\/{rel}","templated":true}]}}