{"id":28182,"date":"2025-02-05T14:58:04","date_gmt":"2025-02-05T11:58:04","guid":{"rendered":"https:\/\/chpantalya.com\/?p=28182"},"modified":"2025-02-05T14:58:08","modified_gmt":"2025-02-05T11:58:08","slug":"belediye-baskanligi-sorumlulugu-konusunda-ne-cevap-verecek","status":"publish","type":"post","link":"https:\/\/chpantalya.com\/?p=28182","title":{"rendered":"BELED\u0130YE BA\u015eKANLI\u011eI SORUMLULU\u011eU KONUSUNDA NE CEVAP VERECEK"},"content":{"rendered":"\n<p><\/p>\n\n\n\n<p>CHP Antalya \u0130l Ba\u015fkan\u0131 Nail Kamac\u0131, G\u00fcndo\u011fmu\u015f il\u00e7emizde Cumhuriyet Caddesi&#8217;nde elektrik hatlar\u0131n\u0131n yer alt\u0131na al\u0131nmas\u0131 \u00e7al\u0131\u015fmas\u0131 s\u0131ras\u0131nda meydana gelen bu i\u015f kazas\u0131yla ilgili olarak, CHP G\u00fcndo\u011fmu\u015f \u0130l\u00e7e Ba\u015fkanl\u0131\u011f\u0131\u2019nda CHP G\u00fcndo\u011fmu\u015f \u0130l\u00e7e Ba\u015fkan\u0131 Mehmet T\u00fcrker Eren, Belediye Meclis \u00dcyeleri ve partililer ile birlikte bas\u0131n a\u00e7\u0131klamas\u0131 d\u00fczenledi.<\/p>\n\n\n\n<p>CHP Antalya \u0130l Ba\u015fkan\u0131 Nail Kamac\u0131, \u201c &nbsp;Bu kazan\u0131n ayd\u0131nlat\u0131lmas\u0131n\u0131 ve Belediye Ba\u015fkanl\u0131\u011f\u0131n\u0131n ya\u015fanan kaza ile ilgili sorumlulu\u011fu konusunda cevap vermesini istiyoruz\u201d dedi.<\/p>\n\n\n\n<p><strong>KAZANIN OLDU\u011eU YER \u015e\u0130RKET\u0130N SORUMLULUK ALANIDIR<\/strong><\/p>\n\n\n\n<p>CHP Antalya \u0130l Ba\u015fkan\u0131 Nail Kamac\u0131, a\u00e7\u0131klamas\u0131nda \u015funlar\u0131 s\u00f6yledi; \u201c\u00dc\u00e7 g\u00fcn \u00f6nce elim bir kazada kaybetti\u011fimiz arkada\u015f\u0131m\u0131zla ilgili bas\u0131n a\u00e7\u0131klamas\u0131 i\u00e7in buraday\u0131z. Bu tip kazalara i\u015f kazas\u0131 denmesine ra\u011fmen bir i\u015f cinayeti oldu\u011fu d\u00fc\u015f\u00fcn\u00fclmelidir. T\u00fcrkiye&#8217;de son bir y\u0131lda i\u015f cinayetlerinde \u00f6lenlerin say\u0131s\u0131 1897 olmu\u015ftur. Her i\u015f kazas\u0131nda oldu\u011fu gibi burada da ihmal vard\u0131r. \u0130hmallerden bir tanesi baret ve kask\u0131n kullan\u0131lmamas\u0131 ve i\u015f\u00e7inin uyar\u0131lmamas\u0131d\u0131r. \u0130\u015f\u00e7ilerimizin ba\u015f\u0131na gelen bu kazan\u0131n oldu\u011fu yer CK \u015firketinin sorumluluk ald\u0131\u011f\u0131 altyap\u0131 \u00e7al\u0131\u015fmas\u0131n\u0131n yap\u0131ld\u0131\u011f\u0131 aland\u0131r.\u201d Diye konu\u015ftu.<\/p>\n\n\n\n<p><strong>DAHA FAZLA MASRAFA G\u0130RMEMEK ADINA BELED\u0130YEDEN YARDIM TALEB\u0130<\/strong><\/p>\n\n\n\n<p>Altyap\u0131 \u00e7al\u0131\u015fmas\u0131n\u0131n yap\u0131ld\u0131\u011f\u0131 alanda CK \u015firketi burada \u00e7ok daha fazla masrafa girmemek ad\u0131na belediyeden yard\u0131m talep ediyor. Belediye de bu yard\u0131m talebini kar\u015f\u0131l\u0131ks\u0131z b\u0131rakm\u0131yor. Operat\u00f6r\u00fcyle, i\u015f makinesiyle bu CK \u015firketine destek vermeyi ama\u00e7l\u0131yor. Asl\u0131nda bakt\u0131\u011f\u0131m\u0131z zaman CK \u015firketi ile belediyenin hi\u00e7bir al\u0131\u015fveri\u015fi olmamas\u0131 laz\u0131m diye hat\u0131rlatan \u0130l Ba\u015fkan\u0131 Nail Kamac\u0131, \u201cBelediye Meclisinde i\u015f makinalar\u0131 ve i\u015f\u00e7ilerinin kullan\u0131lmas\u0131 hakk\u0131nda Meclis karar\u0131, AKP ve MHP&#8217;nin oylar\u0131yla oy \u00e7oklu\u011fu ile ge\u00e7mesine ra\u011fmen karara \u0130Y\u0130 Parti ve Cumhuriyet Halk Partisi belediye meclis \u00fcyeleri itiraz etmi\u015flerdir. \u0130\u015f ehliyeti olmad\u0131\u011f\u0131 halde Ba\u015fka bir iddiaya g\u00f6re Belediye Ba\u015fkanl\u0131\u011f\u0131 bu iki i\u015f\u00e7inin mahkeme karar\u0131yla tekrar i\u015fe d\u00f6nd\u00fcklerinde kendilerinden her i\u015fte \u00e7al\u0131\u015facaklar\u0131na dair imza ald\u0131\u011f\u0131 s\u00f6ylenmektedir. Bu nedenle operat\u00f6r kullan\u0131c\u0131s\u0131 daha do\u011frusu operat\u00f6r belgesi olmayan bir arkada\u015f\u0131m\u0131z taraf\u0131ndan bu kaza meydana gelmi\u015ftir. O gencecik \u00e7ocuklar\u0131n biri cezaevinde bir tanesi de mezarl\u0131kta yat\u0131yor. Bu konuda belediye ba\u015fkanl\u0131\u011f\u0131 sorumlulu\u011fu konusunda ne cevap verecektir. Yukar\u0131da bahsetti\u011fim konular\u0131n ayd\u0131nlat\u0131lmas\u0131n\u0131 istiyoruz\u201d dedi.<\/p>\n","protected":false},"excerpt":{"rendered":"<p>CHP Antalya \u0130l Ba\u015fkan\u0131 Nail Kamac\u0131, G\u00fcndo\u011fmu\u015f il\u00e7emizde Cumhuriyet Caddesi&#8217;nde elektrik hatlar\u0131n\u0131n yer alt\u0131na al\u0131nmas\u0131 \u00e7al\u0131\u015fmas\u0131 s\u0131ras\u0131nda meydana gelen bu i\u015f kazas\u0131yla ilgili olarak, CHP G\u00fcndo\u011fmu\u015f \u0130l\u00e7e Ba\u015fkanl\u0131\u011f\u0131\u2019nda CHP G\u00fcndo\u011fmu\u015f \u0130l\u00e7e Ba\u015fkan\u0131 Mehmet T\u00fcrker Eren, Belediye Meclis \u00dcyeleri ve partililer ile birlikte bas\u0131n a\u00e7\u0131klamas\u0131 d\u00fczenledi. CHP Antalya \u0130l Ba\u015fkan\u0131 Nail Kamac\u0131, \u201c &nbsp;Bu kazan\u0131n ayd\u0131nlat\u0131lmas\u0131n\u0131 [&hellip;]<\/p>\n","protected":false},"author":2333,"featured_media":28183,"comment_status":"closed","ping_status":"open","sticky":false,"template":"","format":"standard","meta":[],"categories":[58],"tags":[],"amp_enabled":true,"_links":{"self":[{"href":"https:\/\/chpantalya.com\/index.php?rest_route=\/wp\/v2\/posts\/28182"}],"collection":[{"href":"https:\/\/chpantalya.com\/index.php?rest_route=\/wp\/v2\/posts"}],"about":[{"href":"https:\/\/chpantalya.com\/index.php?rest_route=\/wp\/v2\/types\/post"}],"author":[{"embeddable":true,"href":"https:\/\/chpantalya.com\/index.php?rest_route=\/wp\/v2\/users\/2333"}],"replies":[{"embeddable":true,"href":"https:\/\/chpantalya.com\/index.php?rest_route=%2Fwp%2Fv2%2Fcomments&post=28182"}],"version-history":[{"count":0,"href":"https:\/\/chpantalya.com\/index.php?rest_route=\/wp\/v2\/posts\/28182\/revisions"}],"wp:featuredmedia":[{"embeddable":true,"href":"https:\/\/chpantalya.com\/index.php?rest_route=\/wp\/v2\/media\/28183"}],"wp:attachment":[{"href":"https:\/\/chpantalya.com\/index.php?rest_route=%2Fwp%2Fv2%2Fmedia&parent=28182"}],"wp:term":[{"taxonomy":"category","embeddable":true,"href":"https:\/\/chpantalya.com\/index.php?rest_route=%2Fwp%2Fv2%2Fcategories&post=28182"},{"taxonomy":"post_tag","embeddable":true,"href":"https:\/\/chpantalya.com\/index.php?rest_route=%2Fwp%2Fv2%2Ftags&post=28182"}],"curies":[{"name":"wp","href":"https:\/\/api.w.org\/{rel}","templated":true}]}}