{"id":29381,"date":"2026-03-06T13:32:28","date_gmt":"2026-03-06T10:32:28","guid":{"rendered":"https:\/\/chpantalya.com\/?p=29381"},"modified":"2026-03-06T13:32:31","modified_gmt":"2026-03-06T10:32:31","slug":"kamaci-cumhuriyet-bir-direnisin-adidir","status":"publish","type":"post","link":"https:\/\/chpantalya.com\/?p=29381","title":{"rendered":"KAMACI: \u201cCUMHUR\u0130YET B\u0130R D\u0130REN\u0130\u015e\u0130N ADIDIR\u201d"},"content":{"rendered":"\n<p><\/p>\n\n\n\n<p><br \/>CHP Antalya \u0130l Ba\u015fkan\u0131 Nail Kamac\u0131, Atat\u00fcrk\u2019\u00fcn Antalya\u2019ya geli\u015finin y\u0131l d\u00f6n\u00fcm\u00fcnde Cumhuriyet ve demokrasi vurgusu yapt\u0131.<\/p>\n\n\n\n<p>CHP Antalya \u0130l Ba\u015fkan\u0131 Nail Kamac\u0131,Mustafa Kemal Atat\u00fcrk\u2019\u00fcn Antalya\u2019ya geli\u015finin y\u0131l d\u00f6n\u00fcm\u00fc dolay\u0131s\u0131yla yapt\u0131\u011f\u0131 a\u00e7\u0131klamada Cumhuriyet de\u011ferlerine sahip \u00e7\u0131kma \u00e7a\u011fr\u0131s\u0131nda bulundu.<\/p>\n\n\n\n<p>Atat\u00fcrk\u2019\u00fcn Antalya\u2019ya geli\u015finin 96. y\u0131l d\u00f6n\u00fcm\u00fcnde Cumhuriyet Meydan\u0131nda d\u00fczenlenen t\u00f6renlere PM \u00dcyemiz ve Milletvekilimiz Cavit Ar\u0131, \u0130l Ba\u015fkan\u0131m\u0131z Nail Kamac\u0131, Milletvekilimiz Mustafa Erdem, \u0130l\u00e7e Ba\u015fkanlar\u0131m\u0131z, Konyaalt\u0131 Belediye Ba\u015fkan\u0131m\u0131z Cem Kotan, Belediye Ba\u015fkan vekillerimiz ve meclis \u00fcyelerimiz ve partililerimizle birlikte kat\u0131l\u0131k.<\/p>\n\n\n\n<p>\u0130l Ba\u015fkan\u0131 Nail Kamac\u0131, 6 Mart 1930\u2019da Atat\u00fcrk\u2019\u00fcn Burdur \u00fczerinden saat 16.00\u2019da Antalya\u2019ya geldi\u011fini ve halk taraf\u0131ndan b\u00fcy\u00fck bir co\u015fkuyla kar\u015f\u0131land\u0131\u011f\u0131n\u0131 hat\u0131rlatt\u0131. Atat\u00fcrk\u2019\u00fcn geli\u015finin \u00f6nceden duyurulmas\u0131 \u00fczerine Kepez\u2019den \u015fehir merkezine kadar Antalyal\u0131lar\u0131n yolun iki taraf\u0131n\u0131 doldurarak Atat\u00fcrk\u2019\u00fc sevgi g\u00f6sterileriyle kar\u015f\u0131lad\u0131\u011f\u0131n\u0131 belirten Kamac\u0131, kar\u015f\u0131laman\u0131n t\u00f6ren sonras\u0131nda da uzun s\u00fcre devam etti\u011fini ifade etti.<\/p>\n\n\n\n<p>Atat\u00fcrk\u2019\u00fcn 1923\u20131938 y\u0131llar\u0131 aras\u0131nda Cumhuriyet devrimlerini anlatmak ve baz\u0131 reformlar\u0131 do\u011frudan halk\u0131n i\u00e7inde ba\u015flatmak amac\u0131yla yurt gezileri yapt\u0131\u011f\u0131n\u0131 belirten Kamac\u0131, Antalya ziyaretinin de \u00f6nemli bir mesaj ta\u015f\u0131d\u0131\u011f\u0131n\u0131 vurgulad\u0131.<\/p>\n\n\n\n<p><strong>\u201cHatay benim \u015fahsi meselemdir\u201d<\/strong><\/p>\n\n\n\n<p>Kamac\u0131, Atat\u00fcrk\u2019\u00fcn Akdeniz illerine yapt\u0131\u011f\u0131 gezilerin d\u00f6nemin fa\u015fist \u0130talyan y\u00f6netimine ve uluslararas\u0131 kamuoyuna verilen bir mesaj niteli\u011finde oldu\u011funu ifade ederek, ayn\u0131 d\u00f6nemde Frans\u0131z i\u015fgali alt\u0131ndaki Hatay\u2019\u0131n ana vatana kat\u0131lmas\u0131 s\u00fcrecine de dikkat \u00e7ekti. Atat\u00fcrk\u2019\u00fcn \u201cHatay benim \u015fahsi meselemdir\u201d s\u00f6z\u00fcn\u00fc hat\u0131rlatan Kamac\u0131, Cumhuriyetin dil, tarih, k\u00fclt\u00fcr ve yurt birli\u011fi \u00fczerine kuruldu\u011funu kaydetti.<\/p>\n\n\n\n<p><strong>\u201cT\u00fcrkiye \u00f6nemli bir yol ayr\u0131m\u0131nda\u201d<\/strong><\/p>\n\n\n\n<p>Antalya halk\u0131n\u0131n tarih bilinci ve vatan sevgisiyle Cumhuriyet de\u011ferlerine sahip \u00e7\u0131kmaya devam edece\u011fini dile getiren Kamac\u0131, T\u00fcrkiye\u2019nin \u00f6nemli bir d\u00f6neme\u00e7ten ge\u00e7ti\u011fini belirtti.<\/p>\n\n\n\n<p>Cumhuriyetin, ba\u011f\u0131ms\u0131zl\u0131\u011f\u0131n ve ulusal birli\u011fin korunmas\u0131n\u0131n herkesin sorumlulu\u011fu oldu\u011funu ifade eden Kamac\u0131, laiklik, demokrasi ve insan haklar\u0131n\u0131n \u00f6nemine dikkat \u00e7ekti.<\/p>\n\n\n\n<p><strong>\u201cCumhuriyet de\u011ferlerine sahip \u00e7\u0131kaca\u011f\u0131z\u201d<\/strong><\/p>\n\n\n\n<p>Cumhuriyet de\u011ferlerine ba\u011fl\u0131 vatanda\u015flara birlik \u00e7a\u011fr\u0131s\u0131 yapan Kamac\u0131, konu\u015fmas\u0131n\u0131 \u201cYa\u015fas\u0131n Cumhuriyet, ya\u015fas\u0131n demokrasi, ya\u015fas\u0131n \u00f6zg\u00fcrl\u00fck\u201d s\u00f6zleriyle tamamlad\u0131.<\/p>\n\n\n\r\n                <style type=\"text\/css\">\r\n                    \r\n                    #tdi_1  .td-doubleSlider-2 .td-item1 {\r\n                        background: url(https:\/\/chpantalya.com\/wp-content\/uploads\/2026\/03\/1--160x120.jpg) 0 0 no-repeat;\r\n                    }\r\n                    #tdi_1  .td-doubleSlider-2 .td-item2 {\r\n                        background: url(https:\/\/chpantalya.com\/wp-content\/uploads\/2026\/03\/2-160x120.jpg) 0 0 no-repeat;\r\n                    }\r\n                    #tdi_1  .td-doubleSlider-2 .td-item3 {\r\n                        background: url(https:\/\/chpantalya.com\/wp-content\/uploads\/2026\/03\/3-160x120.jpg) 0 0 no-repeat;\r\n                    }\r\n                <\/style>\r\n\r\n                <div id=\"tdi_1\" class=\"td-gallery td-slide-on-2-columns\">\r\n                    <div class=\"post_td_gallery\">\r\n                        <div class=\"td-gallery-slide-top\">\r\n                           <div class=\"td-gallery-title\"><\/div>\r\n\r\n                            <div class=\"td-gallery-controls-wrapper\">\r\n                                <div class=\"td-gallery-slide-count\"><span class=\"td-gallery-slide-item-focus\">1<\/span> - 3<\/div>\r\n                                <div class=\"td-gallery-slide-prev-next-but\">\r\n                                    <i class = \"td-icon-left doubleSliderPrevButton\"><\/i>\r\n                                    <i class = \"td-icon-right doubleSliderNextButton\"><\/i>\r\n                                <\/div>\r\n                            <\/div>\r\n                        <\/div>\r\n\r\n                        <div class = \"td-doubleSlider-1 \">\r\n                            <div class = \"td-slider\">\r\n                                \r\n                    <div class = \"td-slide-item td-item1\">\r\n                        <figure class=\"td-slide-galery-figure td-slide-popup-gallery\">\r\n                            <a class=\"slide-gallery-image-link\" href=\"https:\/\/chpantalya.com\/wp-content\/uploads\/2026\/03\/1-.jpg\" title=\"1-\"  data-caption=\"\"  data-description=\"\">\r\n                                <img src=\"https:\/\/chpantalya.com\/wp-content\/uploads\/2026\/03\/1--560x420.jpg\" srcset=\"https:\/\/chpantalya.com\/wp-content\/uploads\/2026\/03\/1--560x420.jpg 420w, https:\/\/chpantalya.com\/wp-content\/uploads\/2026\/03\/1--1120x840.jpg 840w\" sizes=\"(-webkit-min-device-pixel-ratio: 2) 840px, (min-resolution: 192dpi) 840px, 420px\" alt=\"\">\r\n                            <\/a>\r\n                            \r\n                        <\/figure>\r\n                    <\/div>\r\n                    <div class = \"td-slide-item td-item2\">\r\n                        <figure class=\"td-slide-galery-figure td-slide-popup-gallery\">\r\n                            <a class=\"slide-gallery-image-link\" href=\"https:\/\/chpantalya.com\/wp-content\/uploads\/2026\/03\/2-scaled.jpg\" title=\"2\"  data-caption=\"\"  data-description=\"\">\r\n                                <img src=\"https:\/\/chpantalya.com\/wp-content\/uploads\/2026\/03\/2-630x420.jpg\" srcset=\"https:\/\/chpantalya.com\/wp-content\/uploads\/2026\/03\/2-630x420.jpg 420w, https:\/\/chpantalya.com\/wp-content\/uploads\/2026\/03\/2-1260x840.jpg 840w\" sizes=\"(-webkit-min-device-pixel-ratio: 2) 840px, (min-resolution: 192dpi) 840px, 420px\" alt=\"\">\r\n                            <\/a>\r\n                            \r\n                        <\/figure>\r\n                    <\/div>\r\n                    <div class = \"td-slide-item td-item3\">\r\n                        <figure class=\"td-slide-galery-figure td-slide-popup-gallery\">\r\n                            <a class=\"slide-gallery-image-link\" href=\"https:\/\/chpantalya.com\/wp-content\/uploads\/2026\/03\/3-scaled.jpg\" title=\"3\"  data-caption=\"\"  data-description=\"\">\r\n                                <img src=\"https:\/\/chpantalya.com\/wp-content\/uploads\/2026\/03\/3-630x420.jpg\" srcset=\"https:\/\/chpantalya.com\/wp-content\/uploads\/2026\/03\/3-630x420.jpg 420w, https:\/\/chpantalya.com\/wp-content\/uploads\/2026\/03\/3-1260x840.jpg 840w\" sizes=\"(-webkit-min-device-pixel-ratio: 2) 840px, (min-resolution: 192dpi) 840px, 420px\" alt=\"\">\r\n                            <\/a>\r\n                            \r\n                        <\/figure>\r\n                    <\/div>\r\n                            <\/div>\r\n                        <\/div>\r\n\r\n                        <div class = \"td-doubleSlider-2\">\r\n                            <div class = \"td-slider\">\r\n                                \r\n                    <div class = \"td-button td-item1\">\r\n                        <div class = \"td-border\"><\/div>\r\n                    <\/div>\r\n                    <div class = \"td-button td-item2\">\r\n                        <div class = \"td-border\"><\/div>\r\n                    <\/div>\r\n                    <div class = \"td-button td-item3\">\r\n                        <div class = \"td-border\"><\/div>\r\n                    <\/div>\r\n                            <\/div>\r\n                        <\/div>\r\n\r\n                    <\/div>\r\n\r\n                <\/div>\r\n                \n\n\n<iframe loading=\"lazy\" title=\"Atat\u00fcrk\u2019\u00fcn Antalya\u2019ya geli\u015finin 96. y\u0131l d\u00f6n\u00fcm\u00fc\" width=\"696\" height=\"392\" src=\"https:\/\/www.youtube.com\/embed\/BT9ncNIkgCk?feature=oembed\" frameborder=\"0\" allow=\"accelerometer; autoplay; clipboard-write; encrypted-media; gyroscope; picture-in-picture; web-share\" referrerpolicy=\"strict-origin-when-cross-origin\" allowfullscreen><\/iframe>\n","protected":false},"excerpt":{"rendered":"<p>CHP Antalya \u0130l Ba\u015fkan\u0131 Nail Kamac\u0131, Atat\u00fcrk\u2019\u00fcn Antalya\u2019ya geli\u015finin y\u0131l d\u00f6n\u00fcm\u00fcnde Cumhuriyet ve demokrasi vurgusu yapt\u0131. CHP Antalya \u0130l Ba\u015fkan\u0131 Nail Kamac\u0131,Mustafa Kemal Atat\u00fcrk\u2019\u00fcn Antalya\u2019ya geli\u015finin y\u0131l d\u00f6n\u00fcm\u00fc dolay\u0131s\u0131yla yapt\u0131\u011f\u0131 a\u00e7\u0131klamada Cumhuriyet de\u011ferlerine sahip \u00e7\u0131kma \u00e7a\u011fr\u0131s\u0131nda bulundu. Atat\u00fcrk\u2019\u00fcn Antalya\u2019ya geli\u015finin 96. y\u0131l d\u00f6n\u00fcm\u00fcnde Cumhuriyet Meydan\u0131nda d\u00fczenlenen t\u00f6renlere PM \u00dcyemiz ve Milletvekilimiz Cavit Ar\u0131, \u0130l Ba\u015fkan\u0131m\u0131z [&hellip;]<\/p>\n","protected":false},"author":2333,"featured_media":29383,"comment_status":"closed","ping_status":"open","sticky":false,"template":"","format":"standard","meta":[],"categories":[58],"tags":[],"amp_enabled":true,"_links":{"self":[{"href":"https:\/\/chpantalya.com\/index.php?rest_route=\/wp\/v2\/posts\/29381"}],"collection":[{"href":"https:\/\/chpantalya.com\/index.php?rest_route=\/wp\/v2\/posts"}],"about":[{"href":"https:\/\/chpantalya.com\/index.php?rest_route=\/wp\/v2\/types\/post"}],"author":[{"embeddable":true,"href":"https:\/\/chpantalya.com\/index.php?rest_route=\/wp\/v2\/users\/2333"}],"replies":[{"embeddable":true,"href":"https:\/\/chpantalya.com\/index.php?rest_route=%2Fwp%2Fv2%2Fcomments&post=29381"}],"version-history":[{"count":1,"href":"https:\/\/chpantalya.com\/index.php?rest_route=\/wp\/v2\/posts\/29381\/revisions"}],"predecessor-version":[{"id":29387,"href":"https:\/\/chpantalya.com\/index.php?rest_route=\/wp\/v2\/posts\/29381\/revisions\/29387"}],"wp:featuredmedia":[{"embeddable":true,"href":"https:\/\/chpantalya.com\/index.php?rest_route=\/wp\/v2\/media\/29383"}],"wp:attachment":[{"href":"https:\/\/chpantalya.com\/index.php?rest_route=%2Fwp%2Fv2%2Fmedia&parent=29381"}],"wp:term":[{"taxonomy":"category","embeddable":true,"href":"https:\/\/chpantalya.com\/index.php?rest_route=%2Fwp%2Fv2%2Fcategories&post=29381"},{"taxonomy":"post_tag","embeddable":true,"href":"https:\/\/chpantalya.com\/index.php?rest_route=%2Fwp%2Fv2%2Ftags&post=29381"}],"curies":[{"name":"wp","href":"https:\/\/api.w.org\/{rel}","templated":true}]}}