{"id":29388,"date":"2026-03-06T13:56:37","date_gmt":"2026-03-06T10:56:37","guid":{"rendered":"https:\/\/chpantalya.com\/?p=29388"},"modified":"2026-03-06T14:03:02","modified_gmt":"2026-03-06T11:03:02","slug":"29388","status":"publish","type":"post","link":"https:\/\/chpantalya.com\/?p=29388","title":{"rendered":"KAMACI, S\u0130L\u0130VR\u0130 Z\u0130NDANINDAN GELEN MEKTUBU OKUDU"},"content":{"rendered":"\n<p><\/p>\n\n\n\n<p><\/p>\n\n\n\n<p>Cumhuriyet Halk Partisi Antalya \u0130l Ba\u015fkan\u0131 Nail Kamac\u0131, Silivri\u2019de tutuklu bulunan Cumhurba\u015fkan\u0131 Aday\u0131 Ekrem \u0130mamo\u011flu\u2019nun g\u00f6nderdi\u011fi mektubu kamuoyuyla payla\u015ft\u0131k.<\/p>\n\n\n\n<p>Kamac\u0131, yapt\u0131\u011f\u0131 a\u00e7\u0131klamada Aile Dayan\u0131\u015fma A\u011f\u0131 \u00e7at\u0131s\u0131 alt\u0131nda her hafta ailelerin bir araya gelerek ya\u015fanan adaletsizlikleri dile getirdi\u011fini belirtti. \u201cTam 26 hafta oldu. Aile Dayan\u0131\u015fma A\u011f\u0131 \u00e7at\u0131s\u0131 alt\u0131nda, haks\u0131z ve hukuksuz bir s\u00fcrece maruz kalan aileler her cuma Sara\u00e7hane\u2019de bir araya geliyor, ya\u015fad\u0131klar\u0131 adaletsizlikleri ve ac\u0131lar\u0131 payla\u015farak dayan\u0131\u015fmay\u0131 b\u00fcy\u00fct\u00fcyor\u201d diyen Kamac\u0131, T\u00fcrkiye\u2019nin d\u00f6rt bir yan\u0131ndan hukuksuzlu\u011fa kar\u015f\u0131 ses y\u00fckseldi\u011fini ifade etti.<\/p>\n\n\n\n<p><strong><em>Konu\u015fmas\u0131n\u0131n ard\u0131ndan Kamac\u0131, Silivri\u2019de tutuklu bulunan \u0130mamo\u011flu\u2019nun mektubunu okudu. \u0130mamo\u011flu mektubunda \u015fu ifadelere yer verdi:<\/em><\/strong><\/p>\n\n\n\n<p><strong><em>De\u011ferli yol arkada\u015flar\u0131m, <\/em><\/strong><strong><em><\/em><\/strong><\/p>\n\n\n\n<p>Yol arkada\u015flar\u0131m\u0131n \u00e7ok k\u0131ymetli aileleri, benim de\u011ferli karde\u015flerim\u2026<\/p>\n\n\n\n<p>Her birinizi sevgiyle, dostlukla, hasretle kucakl\u0131yorum.<\/p>\n\n\n\n<p>Bizlere kar\u015f\u0131, e\u015fi benzeri g\u00f6r\u00fclmemi\u015f zalimlikte bir siyasi operasyon y\u00fcr\u00fct\u00fclmesinin bir y\u0131l\u0131 doluyor.<br \/><br \/>Bu bir y\u0131lda vicdan\u0131n\u0131 kaybetmi\u015f k\u00f6t\u00fc bir akl\u0131n \u00fcr\u00fcn\u00fc olan, iftiralarla dolu soru\u015fturmalar\u0131n, haks\u0131z davalar\u0131n ard\u0131 arkas\u0131 kesilmedi. Dur durak bilmeyen bu b\u00fcy\u00fck k\u00f6t\u00fcl\u00fck, \u015fimdi de kirli y\u00fcz\u00fcn\u00fc, k\u0131ymetli ba\u015fkan\u0131m, Bolu\u2019nun de\u011ferli insan\u0131 Tanju \u00d6zcan\u2019\u0131 tutuklayarak g\u00f6sterdi.<\/p>\n\n\n\n<p>Cumhuriyet Halk Partili belediyelerin, milletin dertlerine derman olan icraatlar\u0131n\u0131 i\u00e7ine sindiremeyen bir avu\u00e7 insan\u0131n ne s\u00f6yledi\u011finin hi\u00e7bir \u00f6nemi yoktur. Tanju \u00d6zcan Bolu\u2019nun gururudur. \u0130ftiralarla, \u015fantajlarla, kumpaslarla, anneler \u00e7ocuklar\u0131ndan, babalar o\u011fullar\u0131ndan ayr\u0131 kald\u0131.&nbsp; Ge\u00e7en bir y\u0131lda \u00e7ocuklar\u0131m\u0131z bir ya\u015f daha b\u00fcy\u00fcd\u00fc.<\/p>\n\n\n\n<p>Bizleri siyasi esaret alt\u0131na alanlar\u0131n yeni bir kumpas\u0131 da 9 Mart\u2019ta ba\u015fl\u0131yor. \u00d6n\u00fcm\u00fczdeki g\u00fcnlerde dava dedikleri, mahkeme dedikleri yazan\u0131, y\u00f6neteni belli bir m\u00fcsamere sergileyecekler. &nbsp;Benim yol arkada\u015flar\u0131m\u0131n her biri iyi yeti\u015fmi\u015f, \u00fclkesini ve milletini seven, millete hizmet a\u015fk\u0131yla dolu, sorumluluklar\u0131n\u0131 her ko\u015fulda en iyi bi\u00e7imde yerine getirmeye \u00e7al\u0131\u015fan yurtseverlerdir. T\u00fcm Cumhuriyet Halk partililer b\u00f6yledir.<\/p>\n\n\n\n<p>D\u00fcr\u00fcstt\u00fcrler, \u00e7al\u0131\u015fkand\u0131rlar.<\/p>\n\n\n\n<p>Onlar\u0131n; \u015fehirlerimizin, \u00fclkemizin bug\u00fcn\u00fcne ve gelece\u011fine ili\u015fkin yapt\u0131klar\u0131 katk\u0131lar \u00e7ok \u00f6nemli, \u00e7ok de\u011ferlidir. Her birinden en az kendimden emin oldu\u011fum kadar eminim. O nedenle i\u00e7iniz ferah, moraliniz y\u00fcksek olsun.<\/p>\n\n\n\n<p>Bizim tek davam\u0131z bu \u00fclkedir, bu millettir. Bizi zindanda tutmalar\u0131n\u0131n en b\u00fcy\u00fck sebebi de budur.<\/p>\n\n\n\n<p>Bu vatana hizmet etti\u011fimiz, 86 milyonu ay\u0131rmad\u0131\u011f\u0131m\u0131z, hi\u00e7bir \u00e7ocuk yata\u011fa a\u00e7 girmesin diye \u00e7abalad\u0131\u011f\u0131m\u0131z i\u00e7in bizi karalamaya \u00e7al\u0131\u015f\u0131yorlar. Bu m\u00fcbarek g\u00fcnlerde ailelerimizden uzak kalmak, sevdiklerimizle birlikte iftar edip sahura kalkamamak hepimizi derinden yaral\u0131yor. Ama m\u00fccadelemiz Hakk\u2019\u0131n ve halk\u0131n r\u0131zas\u0131 i\u00e7indir.<\/p>\n\n\n\n<p>Aram\u0131za bu duvarlar\u0131 \u00f6renler, bu parmakl\u0131klar\u0131 dikenler y\u0131laca\u011f\u0131m\u0131z\u0131 ve geri ad\u0131m ataca\u011f\u0131m\u0131z\u0131 san\u0131yor olabilirler. Yan\u0131l\u0131yorlar. G\u00f6sterdi\u011finiz dirayet 12 metrekarelik h\u00fccremde bana ya\u015fama sevinci veriyor. Bu onurlu dayan\u0131\u015fman\u0131z, bu cesur m\u00fccadeleniz benimle ayn\u0131 kaderi payla\u015fan \u00e7al\u0131\u015fma arkada\u015flar\u0131m\u0131n, demokrasi tutsaklar\u0131n\u0131n direnme arzusunu k\u00f6r\u00fckl\u00fcyor.<\/p>\n\n\n\n<p>Hukuksuzlu\u011fun h\u00fckm\u00fc elbette sona erecek. Tutuklamay\u0131 keyfi bir cezaland\u0131rma y\u00f6ntemine d\u00f6n\u00fc\u015ft\u00fcrenler kaybedecek.<\/p>\n\n\n\n<p>\u00c7\u00fcnk\u00fc kar\u015f\u0131lar\u0131nda sizler vars\u0131n\u0131z. Hayat\u0131n\u0131 bu vatana adam\u0131\u015f, d\u00fcr\u00fcst, yurtsever, cumhuriyet a\u015fk\u0131yla dolu kad\u0131nlar, erkekler, gen\u00e7ler var. G\u00fczel y\u00fczl\u00fc \u00e7ocuklar var.<\/p>\n\n\n\n<p>Bize cesaretinizle, m\u00fccadelenizle, dayan\u0131\u015fman\u0131zla umut oluyor, g\u00fc\u00e7 veriyorsunuz. Bu zor g\u00fcnleri ele ele, kol kola omuz omuza a\u015faca\u011f\u0131z. Kurulan oyunlar\u0131, kumpaslar\u0131 birlikte bozaca\u011f\u0131z. \u0130nand\u0131k ve ba\u015faraca\u011f\u0131z.<\/p>\n\n\n\n<p><strong><em>Her \u015fey \u00e7ok g\u00fczel olacak.&nbsp;<\/em><\/strong><\/p>\n\n\n\n<p><strong><em>Ekrem \u0130mamo\u011flu<br \/>Silivri Zindan\u0131<\/em><\/strong><\/p>\n\n\n\n\n\n<iframe loading=\"lazy\" width=\"560\" height=\"315\" src=\"https:\/\/www.youtube.com\/embed\/czMG3YCtIFQ?si=5sNHBbRC12ht6uZf\" title=\"YouTube video player\" frameborder=\"0\" allow=\"accelerometer; autoplay; clipboard-write; encrypted-media; gyroscope; picture-in-picture; web-share\" referrerpolicy=\"strict-origin-when-cross-origin\" allowfullscreen><\/iframe>\n","protected":false},"excerpt":{"rendered":"<p>Cumhuriyet Halk Partisi Antalya \u0130l Ba\u015fkan\u0131 Nail Kamac\u0131, Silivri\u2019de tutuklu bulunan Cumhurba\u015fkan\u0131 Aday\u0131 Ekrem \u0130mamo\u011flu\u2019nun g\u00f6nderdi\u011fi mektubu kamuoyuyla payla\u015ft\u0131k. Kamac\u0131, yapt\u0131\u011f\u0131 a\u00e7\u0131klamada Aile Dayan\u0131\u015fma A\u011f\u0131 \u00e7at\u0131s\u0131 alt\u0131nda her hafta ailelerin bir araya gelerek ya\u015fanan adaletsizlikleri dile getirdi\u011fini belirtti. \u201cTam 26 hafta oldu. Aile Dayan\u0131\u015fma A\u011f\u0131 \u00e7at\u0131s\u0131 alt\u0131nda, haks\u0131z ve hukuksuz bir s\u00fcrece maruz kalan aileler [&hellip;]<\/p>\n","protected":false},"author":2333,"featured_media":29386,"comment_status":"closed","ping_status":"open","sticky":false,"template":"","format":"standard","meta":[],"categories":[58],"tags":[],"amp_enabled":true,"_links":{"self":[{"href":"https:\/\/chpantalya.com\/index.php?rest_route=\/wp\/v2\/posts\/29388"}],"collection":[{"href":"https:\/\/chpantalya.com\/index.php?rest_route=\/wp\/v2\/posts"}],"about":[{"href":"https:\/\/chpantalya.com\/index.php?rest_route=\/wp\/v2\/types\/post"}],"author":[{"embeddable":true,"href":"https:\/\/chpantalya.com\/index.php?rest_route=\/wp\/v2\/users\/2333"}],"replies":[{"embeddable":true,"href":"https:\/\/chpantalya.com\/index.php?rest_route=%2Fwp%2Fv2%2Fcomments&post=29388"}],"version-history":[{"count":3,"href":"https:\/\/chpantalya.com\/index.php?rest_route=\/wp\/v2\/posts\/29388\/revisions"}],"predecessor-version":[{"id":29394,"href":"https:\/\/chpantalya.com\/index.php?rest_route=\/wp\/v2\/posts\/29388\/revisions\/29394"}],"wp:featuredmedia":[{"embeddable":true,"href":"https:\/\/chpantalya.com\/index.php?rest_route=\/wp\/v2\/media\/29386"}],"wp:attachment":[{"href":"https:\/\/chpantalya.com\/index.php?rest_route=%2Fwp%2Fv2%2Fmedia&parent=29388"}],"wp:term":[{"taxonomy":"category","embeddable":true,"href":"https:\/\/chpantalya.com\/index.php?rest_route=%2Fwp%2Fv2%2Fcategories&post=29388"},{"taxonomy":"post_tag","embeddable":true,"href":"https:\/\/chpantalya.com\/index.php?rest_route=%2Fwp%2Fv2%2Ftags&post=29388"}],"curies":[{"name":"wp","href":"https:\/\/api.w.org\/{rel}","templated":true}]}}