{"id":6222,"date":"2015-08-07T18:53:42","date_gmt":"2015-08-07T15:53:42","guid":{"rendered":"http:\/\/chpantalya.com\/?p=6222"},"modified":"2016-01-23T12:31:54","modified_gmt":"2016-01-23T10:31:54","slug":"6222","status":"publish","type":"post","link":"https:\/\/chpantalya.com\/?p=6222","title":{"rendered":"Akayd\u0131n&#8217;dan \u00c7avu\u015fo\u011flu Ailesi i\u00e7in soru \u00f6nergesi"},"content":{"rendered":"<p><a href=\"https:\/\/chpantalya.com\/wp-content\/uploads\/2015\/07\/AKAYD\u0130N.jpg\"><img loading=\"lazy\" class=\" wp-image-6041 alignleft\" src=\"https:\/\/chpantalya.com\/wp-content\/uploads\/2015\/07\/AKAYD\u0130N.jpg\" alt=\"AKAYD\u0130N\" width=\"385\" height=\"217\" srcset=\"https:\/\/chpantalya.com\/wp-content\/uploads\/2015\/07\/AKAYD\u0130N.jpg 805w, https:\/\/chpantalya.com\/wp-content\/uploads\/2015\/07\/AKAYD\u0130N-768x432.jpg 768w, https:\/\/chpantalya.com\/wp-content\/uploads\/2015\/07\/AKAYD\u0130N-150x84.jpg 150w, https:\/\/chpantalya.com\/wp-content\/uploads\/2015\/07\/AKAYD\u0130N-300x169.jpg 300w, https:\/\/chpantalya.com\/wp-content\/uploads\/2015\/07\/AKAYD\u0130N-600x338.jpg 600w, https:\/\/chpantalya.com\/wp-content\/uploads\/2015\/07\/AKAYD\u0130N-696x392.jpg 696w, https:\/\/chpantalya.com\/wp-content\/uploads\/2015\/07\/AKAYD\u0130N-746x420.jpg 746w\" sizes=\"(max-width: 385px) 100vw, 385px\" \/><\/a>CHP Antalya\u00a0Milletvekili Prof. Dr. Mustafa Akayd\u0131n ; Antalya\u2019n\u0131n Alanya il\u00e7esinde yerel bas\u0131nda son g\u00fcnlerde yer alan haberlerde baz\u0131 kamu g\u00f6revlilerinin iktidar ile ters d\u00fc\u015ft\u00fckleri gerek\u00e7esiyle bask\u0131lara maruz kald\u0131klar\u0131, bulunduklar\u0131 g\u00f6revlerden s\u00fcrg\u00fcn edildiklerine dair iddialar \u00fczerine \u00c7avu\u015fo\u011flu Ailesi i\u00e7in verdi\u011fi soru \u00f6nergesi verdi.<\/p>\n<p>&#8212;<\/p>\n<p>T\u00dcRK\u0130YE B\u00dcY\u00dcK M\u0130LLET MECL\u0130S\u0130 BA\u015eKANLI\u011eINA<\/p>\n<p>A\u015fa\u011f\u0131daki sorular\u0131m\u0131n Ba\u015fbakan Say\u0131n Prof.Dr.Ahmet DAVUTO\u011eLU taraf\u0131ndan yaz\u0131l\u0131 olarak yan\u0131tlanmas\u0131 i\u00e7in gere\u011fini sayg\u0131lar\u0131mla arz ederim. 07.08.2015<\/p>\n<p>&nbsp;<\/p>\n<p>Prof. Dr. Mustafa AKAYDIN<\/p>\n<p>Antalya Milletvekili<\/p>\n<p>Antalya\u2019n\u0131n Alanya il\u00e7esinde yerel bas\u0131nda son g\u00fcnlerde yer alan haberlerde baz\u0131 kamu g\u00f6revlilerinin iktidar ile ters d\u00fc\u015ft\u00fckleri gerek\u00e7esiyle bask\u0131lara maruz kald\u0131klar\u0131, bulunduklar\u0131 g\u00f6revlerden s\u00fcrg\u00fcn edildiklerine dair iddialar yer almaktad\u0131r. Son olarak Alanya Kaymakam\u0131 Erhan \u00d6zdemir ve Milli Emlak M\u00fcd\u00fcr\u00fc \u00d6mer Ert\u00fcz\u00fcn\u2019\u00fcn bu konuda ma\u011fdur oldu\u011fu, g\u00f6rev s\u00fcresi dolmadan tayin edildi\u011fi gerek\u00e7esiyle dava a\u00e7an Kaymakam \u00d6zdemir\u2019in geri d\u00f6n\u00fc\u015f davas\u0131 a\u00e7t\u0131\u011f\u0131, fakat davay\u0131 kazanmas\u0131na ra\u011fmen g\u00f6revine iade edilmedi\u011fi bildirilmektedir. Milli Emlak M\u00fcd\u00fcr\u00fc Ert\u00fcz\u00fcn\u2019\u00fcn ise G\u00fcndo\u011fmu\u015f S\u00f6b\u00fc\u00e7imen Yaylas\u0131n\u0131n sat\u0131\u015f\u0131 Alanya\u2019da son yasal d\u00fczenlemeler ile belediye stat\u00fcs\u00fcn\u00fc kaybeden T\u00fcrkler beldesinde Milli Emlak M\u00fcd\u00fcrl\u00fc\u011f\u00fcne devredilen baz\u0131 i\u015f yerlerinin kiralanmas\u0131 hususlar\u0131nda Antalya Milletvekili ve D\u0131\u015fi\u015fleri Bakan\u0131 Mevl\u00fct \u00c7avu\u015fo\u011flu\u2019nun babas\u0131 Osman \u00c7avu\u015fo\u011flu ve karde\u015fi Hayri \u00c7avu\u015fo\u011flu ile ters d\u00fc\u015ft\u00fc\u011f\u00fc gerek\u00e7esiyle U\u015fak\u2019a tayin edildi\u011fi iddia edilmi\u015ftir. Bu iddialar ba\u011flam\u0131nda:<\/p>\n<p>&nbsp;<\/p>\n<ol>\n<li>Son be\u015f y\u0131l i\u00e7inde Antalya\u2019n\u0131n il\u00e7elerinde \u00f6nceden hazineye ait olup, bu s\u00fcre zarf\u0131nda sat\u0131m\u0131 yap\u0131lan ya da kiralanan ta\u015f\u0131nmaz miktar\u0131 ne kadard\u0131r? Bu ta\u015f\u0131nmazlar hangi bedellerle devredilmi\u015ftir? Bunlar\u0131n aras\u0131nda \u00c7avu\u015fo\u011flu ailesi fertlerine devredilen var m\u0131d\u0131r? \u00c7avu\u015fo\u011flu ailesi mensuplar\u0131, ta\u015f\u0131nmazlar\u0131n sat\u0131m ya da kiralama ihalelerine kat\u0131lm\u0131\u015f m\u0131d\u0131r? \u015eayet kat\u0131lm\u0131\u015flar ise bu yolla herhangi bir ta\u015f\u0131nmaz sat\u0131n alm\u0131\u015f ya da kiralam\u0131\u015flar m\u0131d\u0131r? Bu i\u015flemler hangi bedellerle ger\u00e7ekle\u015ftirilmi\u015ftir?<\/li>\n<li>Alanya\u2019da kapat\u0131lmadan \u00f6nce T\u00fcrkler Belediyesine ait olan i\u015fyerleri, belediyenin kapat\u0131lmas\u0131ndan itibaren kimlerin tasarrufuna devredilmi\u015ftir? Bu i\u015fyerlerinden al\u0131nan kira bedelleri ne kadard\u0131r?<\/li>\n<li>Bas\u0131nda T\u00fcrkler Belediyesinin kapat\u0131lmas\u0131n\u0131n ard\u0131ndan Milli Emlak M\u00fcd\u00fcrl\u00fc\u011f\u00fcne okul yap\u0131lmak \u00fczere devredilen 30 d\u00f6n\u00fcml\u00fck bir arazinin, Antalya Milletvekili Mevl\u00fct \u00c7avu\u015fo\u011flu\u2019nun babas\u0131 Osman \u00c7avu\u015fo\u011flu taraf\u0131ndan bedelsiz olarak serac\u0131l\u0131k faaliyetleri i\u00e7in kullan\u0131ld\u0131\u011f\u0131na y\u00f6nelik iddialar do\u011fru mudur? Do\u011fru de\u011fil ise ad\u0131 ge\u00e7en arazinin hukuki stat\u00fcs\u00fc nedir? Bu arsa \u00fczerinde nas\u0131l bir tasarruf planlanmaktad\u0131r?<\/li>\n<li>Antalya\u2019n\u0131n G\u00fcndo\u011fmu\u015f il\u00e7esinde bulunan S\u00f6b\u00fc\u00e7imen yaylas\u0131n\u0131n mevcut hukuki durumu nedir? Bu yayla sat\u0131lm\u0131\u015f ise, sat\u0131\u015f kimlerin talebiyle ve hangi gerek\u00e7eyle ger\u00e7ekle\u015ftirilmi\u015ftir?<\/li>\n<li>G\u00f6rev s\u00fcreleri dolmadan tayin edildikleri iddia edilen Alanya Kaymakam\u0131 Erhan \u00d6zdemir ve Milli Emlak M\u00fcd\u00fcr\u00fc \u00d6mer Ert\u00fcz\u00fcn\u2019\u00fcn yer de\u011fi\u015ftirilme gerek\u00e7eleri nelerdir?<\/li>\n<\/ol>\n","protected":false},"excerpt":{"rendered":"<p>CHP Antalya\u00a0Milletvekili Prof. Dr. Mustafa Akayd\u0131n ; Antalya\u2019n\u0131n Alanya il\u00e7esinde yerel bas\u0131nda son g\u00fcnlerde yer alan haberlerde baz\u0131 kamu g\u00f6revlilerinin iktidar ile ters d\u00fc\u015ft\u00fckleri gerek\u00e7esiyle bask\u0131lara maruz kald\u0131klar\u0131, bulunduklar\u0131 g\u00f6revlerden s\u00fcrg\u00fcn edildiklerine dair iddialar \u00fczerine \u00c7avu\u015fo\u011flu Ailesi i\u00e7in verdi\u011fi soru \u00f6nergesi verdi. &#8212; T\u00dcRK\u0130YE B\u00dcY\u00dcK M\u0130LLET MECL\u0130S\u0130 BA\u015eKANLI\u011eINA A\u015fa\u011f\u0131daki sorular\u0131m\u0131n Ba\u015fbakan Say\u0131n Prof.Dr.Ahmet DAVUTO\u011eLU taraf\u0131ndan [&hellip;]<\/p>\n","protected":false},"author":1,"featured_media":6041,"comment_status":"open","ping_status":"open","sticky":false,"template":"","format":"standard","meta":[],"categories":[35,53],"tags":[],"amp_enabled":true,"_links":{"self":[{"href":"https:\/\/chpantalya.com\/index.php?rest_route=\/wp\/v2\/posts\/6222"}],"collection":[{"href":"https:\/\/chpantalya.com\/index.php?rest_route=\/wp\/v2\/posts"}],"about":[{"href":"https:\/\/chpantalya.com\/index.php?rest_route=\/wp\/v2\/types\/post"}],"author":[{"embeddable":true,"href":"https:\/\/chpantalya.com\/index.php?rest_route=\/wp\/v2\/users\/1"}],"replies":[{"embeddable":true,"href":"https:\/\/chpantalya.com\/index.php?rest_route=%2Fwp%2Fv2%2Fcomments&post=6222"}],"version-history":[{"count":0,"href":"https:\/\/chpantalya.com\/index.php?rest_route=\/wp\/v2\/posts\/6222\/revisions"}],"wp:featuredmedia":[{"embeddable":true,"href":"https:\/\/chpantalya.com\/index.php?rest_route=\/wp\/v2\/media\/6041"}],"wp:attachment":[{"href":"https:\/\/chpantalya.com\/index.php?rest_route=%2Fwp%2Fv2%2Fmedia&parent=6222"}],"wp:term":[{"taxonomy":"category","embeddable":true,"href":"https:\/\/chpantalya.com\/index.php?rest_route=%2Fwp%2Fv2%2Fcategories&post=6222"},{"taxonomy":"post_tag","embeddable":true,"href":"https:\/\/chpantalya.com\/index.php?rest_route=%2Fwp%2Fv2%2Ftags&post=6222"}],"curies":[{"name":"wp","href":"https:\/\/api.w.org\/{rel}","templated":true}]}}