{"id":7233,"date":"2015-10-05T11:07:22","date_gmt":"2015-10-05T08:07:22","guid":{"rendered":"http:\/\/chpantalya.com\/?p=7233"},"modified":"2015-10-05T11:07:22","modified_gmt":"2015-10-05T08:07:22","slug":"kilicdaroglu-er-meydanina-indi","status":"publish","type":"post","link":"https:\/\/chpantalya.com\/?p=7233","title":{"rendered":"KILI\u00c7DARO\u011eLU ER MEYDANINA \u0130ND\u0130"},"content":{"rendered":"<p><a href=\"https:\/\/chpantalya.com\/wp-content\/uploads\/2015\/10\/aksu.jpg\"><img loading=\"lazy\" class=\"  wp-image-7244 alignleft\" src=\"https:\/\/chpantalya.com\/wp-content\/uploads\/2015\/10\/aksu.jpg\" alt=\"aksu\" width=\"265\" height=\"149\" srcset=\"https:\/\/chpantalya.com\/wp-content\/uploads\/2015\/10\/aksu.jpg 805w, https:\/\/chpantalya.com\/wp-content\/uploads\/2015\/10\/aksu-768x432.jpg 768w, https:\/\/chpantalya.com\/wp-content\/uploads\/2015\/10\/aksu-150x84.jpg 150w, https:\/\/chpantalya.com\/wp-content\/uploads\/2015\/10\/aksu-300x169.jpg 300w, https:\/\/chpantalya.com\/wp-content\/uploads\/2015\/10\/aksu-600x338.jpg 600w, https:\/\/chpantalya.com\/wp-content\/uploads\/2015\/10\/aksu-696x392.jpg 696w, https:\/\/chpantalya.com\/wp-content\/uploads\/2015\/10\/aksu-746x420.jpg 746w\" sizes=\"(max-width: 265px) 100vw, 265px\" \/><\/a>KILI\u00c7DARO\u011eLU ER MEYDANINA \u0130ND\u0130<\/p>\n<p>CHP Genel Ba\u015fkan\u0131 Kemal K\u0131l\u0131\u00e7daro\u011flu, Alanya, Manavgat ve Serik il\u00e7elerinde ger\u00e7ekle\u015ftirdi\u011fi mitinglerin ard\u0131ndan Aksu\u2019da bu y\u0131l ikincisi d\u00fczenlenen ya\u011fl\u0131 g\u00fcre\u015fleri izledi. Er meydan\u0131na da inen K\u0131l\u0131\u00e7daro\u011flu, davullar ve zurnalarla kar\u015f\u0131land\u0131. K\u0131l\u0131\u00e7daro\u011flu, boynuna ald\u0131\u011f\u0131 y\u00f6r\u00fck po\u015fusuyla er meydan\u0131n\u0131 turlad\u0131, g\u00fcre\u015fleri seyredenleri selamlad\u0131, pehlivanlarla g\u00fcre\u015f\u00e7i selamla\u015fmas\u0131 yapt\u0131.<\/p>\n<p>&nbsp;<\/p>\n<p>&nbsp;<\/p>\n<p><b>KILI\u00c7DARO\u011eLU AKSU ER MEYDANINDA\u00a0<\/b><\/p>\n<p><strong>[nggallery id=236]<\/strong><\/p>\n","protected":false},"excerpt":{"rendered":"<p>KILI\u00c7DARO\u011eLU ER MEYDANINA \u0130ND\u0130 CHP Genel Ba\u015fkan\u0131 Kemal K\u0131l\u0131\u00e7daro\u011flu, Alanya, Manavgat ve Serik il\u00e7elerinde ger\u00e7ekle\u015ftirdi\u011fi mitinglerin ard\u0131ndan Aksu\u2019da bu y\u0131l ikincisi d\u00fczenlenen ya\u011fl\u0131 g\u00fcre\u015fleri izledi. Er meydan\u0131na da inen K\u0131l\u0131\u00e7daro\u011flu, davullar ve zurnalarla kar\u015f\u0131land\u0131. K\u0131l\u0131\u00e7daro\u011flu, boynuna ald\u0131\u011f\u0131 y\u00f6r\u00fck po\u015fusuyla er meydan\u0131n\u0131 turlad\u0131, g\u00fcre\u015fleri seyredenleri selamlad\u0131, pehlivanlarla g\u00fcre\u015f\u00e7i selamla\u015fmas\u0131 yapt\u0131. &nbsp; &nbsp; KILI\u00c7DARO\u011eLU AKSU ER MEYDANINDA\u00a0 [&hellip;]<\/p>\n","protected":false},"author":1,"featured_media":7244,"comment_status":"open","ping_status":"open","sticky":false,"template":"","format":"standard","meta":[],"categories":[31],"tags":[],"amp_enabled":true,"_links":{"self":[{"href":"https:\/\/chpantalya.com\/index.php?rest_route=\/wp\/v2\/posts\/7233"}],"collection":[{"href":"https:\/\/chpantalya.com\/index.php?rest_route=\/wp\/v2\/posts"}],"about":[{"href":"https:\/\/chpantalya.com\/index.php?rest_route=\/wp\/v2\/types\/post"}],"author":[{"embeddable":true,"href":"https:\/\/chpantalya.com\/index.php?rest_route=\/wp\/v2\/users\/1"}],"replies":[{"embeddable":true,"href":"https:\/\/chpantalya.com\/index.php?rest_route=%2Fwp%2Fv2%2Fcomments&post=7233"}],"version-history":[{"count":0,"href":"https:\/\/chpantalya.com\/index.php?rest_route=\/wp\/v2\/posts\/7233\/revisions"}],"wp:featuredmedia":[{"embeddable":true,"href":"https:\/\/chpantalya.com\/index.php?rest_route=\/wp\/v2\/media\/7244"}],"wp:attachment":[{"href":"https:\/\/chpantalya.com\/index.php?rest_route=%2Fwp%2Fv2%2Fmedia&parent=7233"}],"wp:term":[{"taxonomy":"category","embeddable":true,"href":"https:\/\/chpantalya.com\/index.php?rest_route=%2Fwp%2Fv2%2Fcategories&post=7233"},{"taxonomy":"post_tag","embeddable":true,"href":"https:\/\/chpantalya.com\/index.php?rest_route=%2Fwp%2Fv2%2Ftags&post=7233"}],"curies":[{"name":"wp","href":"https:\/\/api.w.org\/{rel}","templated":true}]}}