{"id":7547,"date":"2015-10-16T17:25:35","date_gmt":"2015-10-16T14:25:35","guid":{"rendered":"http:\/\/chpantalya.com\/?p=7547"},"modified":"2015-10-16T17:25:35","modified_gmt":"2015-10-16T14:25:35","slug":"beldelerde-sorun-cig-gibi-buyuyor","status":"publish","type":"post","link":"https:\/\/chpantalya.com\/?p=7547","title":{"rendered":"BELDELERDE SORUN \u00c7I\u011e G\u0130B\u0130 B\u00dcY\u00dcYOR"},"content":{"rendered":"<p><a href=\"https:\/\/chpantalya.com\/wp-content\/uploads\/2015\/10\/BELDELER.jpg\"><img loading=\"lazy\" class=\"  wp-image-7548 alignleft\" src=\"https:\/\/chpantalya.com\/wp-content\/uploads\/2015\/10\/BELDELER.jpg\" alt=\"BELDELER\" width=\"425\" height=\"238\" srcset=\"https:\/\/chpantalya.com\/wp-content\/uploads\/2015\/10\/BELDELER.jpg 805w, https:\/\/chpantalya.com\/wp-content\/uploads\/2015\/10\/BELDELER-768x432.jpg 768w, https:\/\/chpantalya.com\/wp-content\/uploads\/2015\/10\/BELDELER-150x84.jpg 150w, https:\/\/chpantalya.com\/wp-content\/uploads\/2015\/10\/BELDELER-300x169.jpg 300w, https:\/\/chpantalya.com\/wp-content\/uploads\/2015\/10\/BELDELER-600x338.jpg 600w, https:\/\/chpantalya.com\/wp-content\/uploads\/2015\/10\/BELDELER-696x392.jpg 696w, https:\/\/chpantalya.com\/wp-content\/uploads\/2015\/10\/BELDELER-746x420.jpg 746w\" sizes=\"(max-width: 425px) 100vw, 425px\" \/><\/a>KAPATILAN BELDE BELED\u0130YELER\u0130NDE SORUNLAR \u00c7I\u011e G\u0130B\u0130 B\u00dcY\u00dcYOR<\/p>\n<p>SORUNLAR \u00c7I\u011e G\u0130B\u0130 B\u00dcY\u00dcYOR<\/p>\n<p>&nbsp;<\/p>\n<p>Son yerel se\u00e7imler \u00f6ncesi, \u015fehir mezkelerinde oy kayb\u0131 ya\u015fayan AKP\u2019nin yerel se\u00e7imleri kazanmak i\u00e7in haz\u0131rlad\u0131\u011f\u0131 ve bundada bir nebze ba\u015far\u0131l\u0131 oldu\u011fu 6360 say\u0131l\u0131 B\u00fct\u00fcn\u015fehir yasas\u0131 kapat\u0131lan belde belediyelerinde sorunlar\u0131n \u00e7\u0131\u011f gibi b\u00fcy\u00fcmesine neden oldu. Gelen yo\u011fun tepki ve talepler \u00fczerine CHP Antalya \u0130l \u00d6rg\u00fct\u00fc yapt\u0131\u011f\u0131 \u00e7a\u011fr\u0131yla , ge\u00e7ti\u011fimiz d\u00f6nem b\u00fct\u00fcn\u015fehir yasas\u0131yla kapat\u0131lan Beldelerin partili belediye ba\u015fkanlar\u0131n\u0131 bir araya toplad\u0131. Yap\u0131lan toplant\u0131da kapat\u0131lan belde belediyeleri ve k\u00f6ylerin ya\u015fad\u0131\u011f\u0131 sorunlar tekrar ele al\u0131nd\u0131. Ya\u015fanan sorunlarla ilgili \u00e7\u00f6z\u00fcmler masaya yat\u0131r\u0131ld\u0131.<\/p>\n<p>BU YASA HALKA DAYATILMI\u015eTIR<\/p>\n<p>&nbsp;<\/p>\n<p>CHP Antalya \u0130l Ba\u015fkan\u0131 Semih Esen toplant\u0131n\u0131n bitiminde bir a\u00e7\u0131klama yapt\u0131; &#8220;6360 say\u0131l\u0131 B\u00fct\u00fcn\u015fehir yasas\u0131 Menderes T\u00fcrel&#8217;in mimarl\u0131\u011f\u0131n\u0131 yapt\u0131\u011f\u0131 bir yasad\u0131r. Bu yasayla ilgili olarak, ilk \u00e7al\u0131\u015fmalar yap\u0131ld\u0131\u011f\u0131nda bu uygulaman\u0131n gerek T\u00fcrkiye gerekse Antalya \u00f6zelinde yerel y\u00f6netim yap\u0131lanmas\u0131 i\u00e7in uygun olmad\u0131\u011f\u0131n\u0131 defalarca vurgulad\u0131k. Bu konuda y\u00f6re halk\u0131 referandumlarda, bu uygulamay\u0131 istemedi\u011fini defalarca kendilerine bildirdi, bu yasa halka yap\u0131lan bir dayatmad\u0131r.\u201d<\/p>\n<p>Bug\u00fcne geldi\u011fimizde, Eski Belde Belediye Ba\u015fkanlar\u0131m\u0131zla yapt\u0131\u011f\u0131m\u0131z\u00a0 \u00e7al\u0131\u015ftay da ortaya koymaktad\u0131r ki Antalya&#8217;da Belediye Hizmetleri eski belde ve k\u00f6ylerimize do\u011fru d\u00fczg\u00fcn gitmemekte. Ayr\u0131ca bu sistemin yaratt\u0131\u011f\u0131 ve yarataca\u011f\u0131 ekonomik k\u00fclfet inan\u0131lmaz boyutlarda. Daha da k\u00f6t\u00fcs\u00fc Antalya B\u00fcy\u00fck\u015fehir Belediyesi eski k\u00f6y ve beldelere g\u00f6t\u00fcrd\u00fc\u011f\u00fc hizmette, sand\u0131k sonu\u00e7lar\u0131n\u0131 baz alan kay\u0131rmac\u0131 bir hizmet modeli takip etmekte. Y\u00f6re halk\u0131 her \u015feyin fark\u0131nda ve \u015fikayet\u00e7i olsa da korku imparatorlu\u011funun etkisi alt\u0131nda. Herkes herhangi bir \u015fikayette k\u00f6t\u00fc de olsa ald\u0131\u011f\u0131 hizmetin tamamen kesilece\u011fini d\u00fc\u015f\u00fcnerek sesini \u00e7\u0131karamamaktad\u0131r.<\/p>\n<p>Buradan kendini bask\u0131 alt\u0131nda , madur olmu\u015f ve mutsuz hisseden t\u00fcm halk\u0131m\u0131z\u0131 Cumhuriyet Halk Partisi \u00e7at\u0131s\u0131 alt\u0131nda birle\u015fmeye davet ediyoruz.Biz Var\u0131z Yapar\u0131z.&#8221; Diyerek s\u00f6zlerini bitirdi.<\/p>\n<p>KAPATILAN BELDE BELED\u0130YE BA\u015eKANI: YANGINLARI S\u00d6ND\u00dcREM\u0130YORUZ<\/p>\n<p>&nbsp;<\/p>\n<p>Toplant\u0131ya kat\u0131lanlardan Manavgat\u2019a ba\u011fl\u0131 K\u0131z\u0131lot eski Belediye Ba\u015fkan\u0131, Mustafa Ke\u00e7er; Zor \u015fartlarda elde etti\u011fimiz ara\u00e7 gere\u00e7ler elimizden al\u0131nd\u0131. \u00d6rne\u011fin 9 tonluk su Araz\u00f6z\u00fc elimizden al\u0131nd\u0131ktan sonra beldemizdeki an\u0131z ve ot yang\u0131nlar\u0131na art\u0131k zaman\u0131nda m\u00fcdahale edemiyoruz, s\u00f6nd\u00fcremiyoruz.<\/p>\n<p>\u0130la\u00e7lama ara\u00e7lar\u0131m\u0131zla biz bol bol ila\u00e7l\u0131yorduk, larva ila\u00e7lamas\u0131 olmuyor, sabah\u0131n k\u00f6r\u00fc bir araba geliyor, ne s\u0131kt\u0131\u011f\u0131 belli de\u011fil, ila\u00e7 m\u0131 s\u0131k\u0131yor, su mu s\u0131k\u0131yor inan\u0131n belli de\u011fil, ortal\u0131k sinekten ge\u00e7ilmiyor.<\/p>\n<p>Bu yasayla birlikte yeni olu\u015fan sistemde art\u0131k hizmet taleplerimiz i\u00e7in belediyeye ula\u015famaz olduk. Halbuki biz burada i\u015f\u00e7isinden belediye ba\u015fkan\u0131na kadar g\u00fcn\u00fcn her saati istedi\u011fimiz an hizmet talebimizi iletiyorduk.<\/p>\n<p>Ben bu yasan\u0131n Antalya\u2019ya bir \u015fey getirmedi\u011fini d\u00fc\u015f\u00fcn\u00fcyorum. Bu yasa Antalya\u2019ya\u00a0 uygun de\u011fildir.<\/p>\n<p>&nbsp;<\/p>\n<p>&nbsp;<\/p>\n","protected":false},"excerpt":{"rendered":"<p>KAPATILAN BELDE BELED\u0130YELER\u0130NDE SORUNLAR \u00c7I\u011e G\u0130B\u0130 B\u00dcY\u00dcYOR SORUNLAR \u00c7I\u011e G\u0130B\u0130 B\u00dcY\u00dcYOR &nbsp; Son yerel se\u00e7imler \u00f6ncesi, \u015fehir mezkelerinde oy kayb\u0131 ya\u015fayan AKP\u2019nin yerel se\u00e7imleri kazanmak i\u00e7in haz\u0131rlad\u0131\u011f\u0131 ve bundada bir nebze ba\u015far\u0131l\u0131 oldu\u011fu 6360 say\u0131l\u0131 B\u00fct\u00fcn\u015fehir yasas\u0131 kapat\u0131lan belde belediyelerinde sorunlar\u0131n \u00e7\u0131\u011f gibi b\u00fcy\u00fcmesine neden oldu. Gelen yo\u011fun tepki ve talepler \u00fczerine CHP Antalya \u0130l [&hellip;]<\/p>\n","protected":false},"author":1,"featured_media":7548,"comment_status":"open","ping_status":"open","sticky":false,"template":"","format":"standard","meta":[],"categories":[31],"tags":[],"amp_enabled":true,"_links":{"self":[{"href":"https:\/\/chpantalya.com\/index.php?rest_route=\/wp\/v2\/posts\/7547"}],"collection":[{"href":"https:\/\/chpantalya.com\/index.php?rest_route=\/wp\/v2\/posts"}],"about":[{"href":"https:\/\/chpantalya.com\/index.php?rest_route=\/wp\/v2\/types\/post"}],"author":[{"embeddable":true,"href":"https:\/\/chpantalya.com\/index.php?rest_route=\/wp\/v2\/users\/1"}],"replies":[{"embeddable":true,"href":"https:\/\/chpantalya.com\/index.php?rest_route=%2Fwp%2Fv2%2Fcomments&post=7547"}],"version-history":[{"count":0,"href":"https:\/\/chpantalya.com\/index.php?rest_route=\/wp\/v2\/posts\/7547\/revisions"}],"wp:featuredmedia":[{"embeddable":true,"href":"https:\/\/chpantalya.com\/index.php?rest_route=\/wp\/v2\/media\/7548"}],"wp:attachment":[{"href":"https:\/\/chpantalya.com\/index.php?rest_route=%2Fwp%2Fv2%2Fmedia&parent=7547"}],"wp:term":[{"taxonomy":"category","embeddable":true,"href":"https:\/\/chpantalya.com\/index.php?rest_route=%2Fwp%2Fv2%2Fcategories&post=7547"},{"taxonomy":"post_tag","embeddable":true,"href":"https:\/\/chpantalya.com\/index.php?rest_route=%2Fwp%2Fv2%2Ftags&post=7547"}],"curies":[{"name":"wp","href":"https:\/\/api.w.org\/{rel}","templated":true}]}}