{"id":8351,"date":"2016-01-21T14:28:19","date_gmt":"2016-01-21T12:28:19","guid":{"rendered":"http:\/\/chpantalya.com\/?p=8351"},"modified":"2016-01-23T13:08:59","modified_gmt":"2016-01-23T11:08:59","slug":"budaktan-demre-afet-bolgesi-ilan-edilsin-onerisi","status":"publish","type":"post","link":"https:\/\/chpantalya.com\/?p=8351","title":{"rendered":"BUDAK\u2019TAN DEMRE AFET B\u00d6LGES\u0130 \u0130LAN ED\u0130LS\u0130N \u00d6NER\u0130S\u0130"},"content":{"rendered":"<p><strong>-BUDAK\u2019TAN DEMRE AFET B\u00d6LGES\u0130 \u0130LAN ED\u0130LS\u0130N \u00d6NER\u0130S\u0130<\/strong><\/p>\n<p><strong>-\u201cDEMRE AFET B\u00d6LGES\u0130 \u0130LAN ED\u0130L\u0130P AC\u0130LEN YARALAR SARILMALI\u201d<\/strong><\/p>\n<p><strong>CHP Antalya Milletvekili \u00c7etin Osman Budak, hortum felaketinin ya\u015fand\u0131\u011f\u0131 Demre\u2019de a\u011f\u0131r bir tahribat olu\u015ftu\u011funa dikkat \u00e7ekerek, \u201cHortumun vurdu\u011fu Demre afet b\u00f6lgesi ilan edilip yaralar sar\u0131lmal\u0131d\u0131r\u201d dedi.<\/strong><\/p>\n<p><strong>CHP Antalya Milletvekili Budak, TBMM Genel Kurulu\u2019nda hortumun vurdu\u011fu Demre\u2019yi g\u00fcndeme ta\u015f\u0131d\u0131. TBMM Tutanaklar\u0131ndan:<\/strong><\/p>\n<p>\u201c\u00c7ET\u0130N OSMAN BUDAK (Antalya) &#8211; Antalya&#8217;da ge\u00e7ti\u011fimiz g\u00fcnlerde bir f\u0131rt\u0131na sonucu, \u00f6zellikle Demre&#8217;de, \u00e7ok b\u00fcy\u00fck bir afet ya\u015fand\u0131. A\u015fa\u011f\u0131 yukar\u0131 800 d\u00f6n\u00fcml\u00fck bir alanda tamamen \u00fcr\u00fcn ve seralar yerle bir oldu. \u00dcreticilerin \u00fcr\u00fcnleri kalmad\u0131. Bu konuyla ilgili \u00f6zellikle ben dikkat \u00e7ekmek istedim. Hesaplamalara g\u00f6re 15 il\u00e2 20 milyon liral\u0131k bir kay\u0131p var. Bunlar k\u00fc\u00e7\u00fck esnaflar, k\u00fc\u00e7\u00fck \u00fcreticiler, k\u00fc\u00e7\u00fck \u00f6l\u00e7ekli i\u015fletmeler. Tek \u00fcmitleri olan seralar\u0131n\u0131 da \u015fu anda kaybetmi\u015f durumdalar.<\/p>\n<p>Ben buradan ilgili bakanl\u0131klara \u015funu iletmek istiyorum: Buran\u0131n afet b\u00f6lgesi yap\u0131lmas\u0131 gerekiyor acilen ve yaralar\u0131n sar\u0131lmas\u0131 gerekiyor. Ayn\u0131 zamanda, sadece sigorta \u015firketlerine bu i\u015f b\u0131rak\u0131lamayacak kadar da \u00f6nemli durumda. K\u0131sa zamanda buraya el at\u0131lmas\u0131 oradaki insanlar\u0131n, insanlar\u0131m\u0131z\u0131n ma\u011fduriyetini giderecektir.\u201d<\/p>\n","protected":false},"excerpt":{"rendered":"<p>-BUDAK\u2019TAN DEMRE AFET B\u00d6LGES\u0130 \u0130LAN ED\u0130LS\u0130N \u00d6NER\u0130S\u0130 -\u201cDEMRE AFET B\u00d6LGES\u0130 \u0130LAN ED\u0130L\u0130P AC\u0130LEN YARALAR SARILMALI\u201d CHP Antalya Milletvekili \u00c7etin Osman Budak, hortum felaketinin ya\u015fand\u0131\u011f\u0131 Demre\u2019de a\u011f\u0131r bir tahribat olu\u015ftu\u011funa dikkat \u00e7ekerek, \u201cHortumun vurdu\u011fu Demre afet b\u00f6lgesi ilan edilip yaralar sar\u0131lmal\u0131d\u0131r\u201d dedi. CHP Antalya Milletvekili Budak, TBMM Genel Kurulu\u2019nda hortumun vurdu\u011fu Demre\u2019yi g\u00fcndeme ta\u015f\u0131d\u0131. TBMM Tutanaklar\u0131ndan: [&hellip;]<\/p>\n","protected":false},"author":1,"featured_media":8700,"comment_status":"open","ping_status":"open","sticky":false,"template":"","format":"standard","meta":[],"categories":[52,35],"tags":[],"amp_enabled":true,"_links":{"self":[{"href":"https:\/\/chpantalya.com\/index.php?rest_route=\/wp\/v2\/posts\/8351"}],"collection":[{"href":"https:\/\/chpantalya.com\/index.php?rest_route=\/wp\/v2\/posts"}],"about":[{"href":"https:\/\/chpantalya.com\/index.php?rest_route=\/wp\/v2\/types\/post"}],"author":[{"embeddable":true,"href":"https:\/\/chpantalya.com\/index.php?rest_route=\/wp\/v2\/users\/1"}],"replies":[{"embeddable":true,"href":"https:\/\/chpantalya.com\/index.php?rest_route=%2Fwp%2Fv2%2Fcomments&post=8351"}],"version-history":[{"count":0,"href":"https:\/\/chpantalya.com\/index.php?rest_route=\/wp\/v2\/posts\/8351\/revisions"}],"wp:featuredmedia":[{"embeddable":true,"href":"https:\/\/chpantalya.com\/index.php?rest_route=\/wp\/v2\/media\/8700"}],"wp:attachment":[{"href":"https:\/\/chpantalya.com\/index.php?rest_route=%2Fwp%2Fv2%2Fmedia&parent=8351"}],"wp:term":[{"taxonomy":"category","embeddable":true,"href":"https:\/\/chpantalya.com\/index.php?rest_route=%2Fwp%2Fv2%2Fcategories&post=8351"},{"taxonomy":"post_tag","embeddable":true,"href":"https:\/\/chpantalya.com\/index.php?rest_route=%2Fwp%2Fv2%2Ftags&post=8351"}],"curies":[{"name":"wp","href":"https:\/\/api.w.org\/{rel}","templated":true}]}}