{"id":8353,"date":"2016-01-21T14:30:55","date_gmt":"2016-01-21T12:30:55","guid":{"rendered":"http:\/\/chpantalya.com\/?p=8353"},"modified":"2016-01-21T16:05:38","modified_gmt":"2016-01-21T14:05:38","slug":"budaktan-5-milyarlik-yatirim-sorusu","status":"publish","type":"post","link":"https:\/\/chpantalya.com\/?p=8353","title":{"rendered":"-BUDAK\u2019TAN \u201c5 M\u0130LYARLIK YATIRIM\u201d SORUSU"},"content":{"rendered":"<p><strong><a href=\"https:\/\/chpantalya.com\/wp-content\/uploads\/2015\/10\/OSMAN-BUDAK.jpg\"><img loading=\"lazy\" class=\"size-medium wp-image-7515 alignleft\" src=\"https:\/\/chpantalya.com\/wp-content\/uploads\/2015\/10\/OSMAN-BUDAK-300x169.jpg\" alt=\"OSMAN BUDAK\" width=\"300\" height=\"169\" srcset=\"https:\/\/chpantalya.com\/wp-content\/uploads\/2015\/10\/OSMAN-BUDAK-300x169.jpg 300w, https:\/\/chpantalya.com\/wp-content\/uploads\/2015\/10\/OSMAN-BUDAK-768x432.jpg 768w, https:\/\/chpantalya.com\/wp-content\/uploads\/2015\/10\/OSMAN-BUDAK-150x84.jpg 150w, https:\/\/chpantalya.com\/wp-content\/uploads\/2015\/10\/OSMAN-BUDAK-600x338.jpg 600w, https:\/\/chpantalya.com\/wp-content\/uploads\/2015\/10\/OSMAN-BUDAK-696x392.jpg 696w, https:\/\/chpantalya.com\/wp-content\/uploads\/2015\/10\/OSMAN-BUDAK-746x420.jpg 746w, https:\/\/chpantalya.com\/wp-content\/uploads\/2015\/10\/OSMAN-BUDAK.jpg 805w\" sizes=\"(max-width: 300px) 100vw, 300px\" \/><\/a>-BUDAK\u2019TAN \u201c5 M\u0130LYARLIK YATIRIM\u201d SORUSU<\/strong><\/p>\n<p><strong>-\u201cANTALYA \u0130\u00c7\u0130N HANG\u0130 BAKAN DO\u011eRU S\u00d6YL\u00dcYOR?\u201d<\/strong><\/p>\n<p><strong>-\u201cANTALYA\u2019DA 5 M\u0130LYARLIK YATIRIM YAPILAN ULA\u015eTIRMA PROJELER\u0130 HANG\u0130LER\u0130?\u201d<\/strong><\/p>\n<p><strong>\u00a0<\/strong><\/p>\n<p><strong>\u00a0\u00a0\u00a0\u00a0\u00a0\u00a0\u00a0\u00a0\u00a0\u00a0\u00a0 CHP Antalya Milletvekili \u00c7etin Osman Budak, Kalk\u0131nma Bakanl\u0131\u011f\u0131 ile Ula\u015ft\u0131rma Bakanl\u0131\u011f\u0131\u2019n\u0131n Antalya\u2019ya yap\u0131lan yat\u0131r\u0131m tutar\u0131 ile ilgili \u00e7eli\u015fkili a\u00e7\u0131klamalar\u0131n\u0131 TBMM g\u00fcndemine ta\u015f\u0131yarak, \u201cAntalya\u2019ya yap\u0131lan kamu yat\u0131r\u0131mlar\u0131nda hangi bakan do\u011fru s\u00f6yl\u00fcyor. Antalya ula\u015f\u0131m\u0131 i\u00e7in 5 milyar TL\u2019lik yat\u0131r\u0131m yap\u0131lan yollar nerede\u201d diye sordu.<\/strong><\/p>\n<p><strong>\u00a0\u00a0\u00a0\u00a0\u00a0\u00a0\u00a0\u00a0\u00a0\u00a0\u00a0 <\/strong>CHP Antalya Milletvekili Budak, Ula\u015ft\u0131rma Denizcilik ve Haberle\u015fme Bakan\u0131 Binali Y\u0131ld\u0131r\u0131m\u2019\u0131n yan\u0131tlamas\u0131 istemiyle verdi\u011fi \u00f6nergede,\u00a0 Antalya B\u00fcy\u00fck\u015fehir Belediyesi\u2019ni ziyareti s\u0131ras\u0131nda \u201cT\u00fcrkiye\u2019de oldu\u011fu gibi Antalya\u2019ya yat\u0131r\u0131mda da bakanl\u0131\u011f\u0131m\u0131z \u015fampiyon. Antalya\u2019ya 2003\u2019ten bu yana toplam yat\u0131r\u0131m\u0131m\u0131z 5 milyar TL\u2019ye yakla\u015ft\u0131. \u015eu anda Antalya\u2019n\u0131n devam eden yat\u0131r\u0131mlar\u0131n\u0131n toplam\u0131 3.6 milyar TL\u201d \u015feklinde bir a\u00e7\u0131klama yapt\u0131\u011f\u0131n\u0131 hat\u0131ratt\u0131.<\/p>\n<p><strong>5 M\u0130LYARLIK YOLLAR NEREDE<\/strong><\/p>\n<p><strong>\u00a0\u00a0\u00a0\u00a0\u00a0\u00a0\u00a0\u00a0\u00a0\u00a0\u00a0 <\/strong>Kalk\u0131nma Bakanl\u0131\u011f\u0131\u2019n\u0131n resmi rakamlar\u0131na g\u00f6re, Antalya\u2019ya 2003-2015 d\u00f6neminde yap\u0131lan \u201c<strong>t\u00fcm kamu yat\u0131r\u0131mlar\u0131n\u0131n\u201d<\/strong> toplam\u0131n\u0131n 5 milyar 254.7 milyon TL oldu\u011funa dikkat \u00e7eken Budak, \u201cA\u00e7\u0131klaman\u0131z ile Kalk\u0131nma Bakanl\u0131\u011f\u0131\u2019n\u0131n kamu yat\u0131r\u0131mlar\u0131na ili\u015fkin resmi a\u00e7\u0131klamalar\u0131 birbiriyle \u00e7eli\u015fmektedir. Ayr\u0131ca, 5 milyar TL\u2019lik yat\u0131r\u0131ma ra\u011fmen, Antalya\u2019n\u0131n \u00e7evre il ba\u011flant\u0131lar\u0131yla \u015fehir merkezindeki \u00e7evreyolu projelerinin hi\u00e7birinin tamamlamam\u0131\u015f olmas\u0131 da manidard\u0131r\u201d dedi.<\/p>\n<p>\u201cAntalya\u2019ya yat\u0131r\u0131mlar\u0131m\u0131z 5 milyar TL\u2019ye yakla\u015ft\u0131\u201d \u015feklindeki a\u00e7\u0131klama kapsam\u0131nda hangi yat\u0131r\u0131mlar\u0131n yer ald\u0131\u011f\u0131 konusunda bilgi isteyen Budak, \u201cAyr\u0131 ayr\u0131 bu projeler ve maliyetleri ne kadard\u0131r? Hangileri tamamlanm\u0131\u015f ve bunlar i\u00e7in ne kadar kaynak kullan\u0131lm\u0131\u015ft\u0131r? \u2018Antalya\u2019n\u0131n devam eden yat\u0131r\u0131mlar\u0131n\u0131n toplam\u0131 3.6 milyar TL\u2019 a\u00e7\u0131klaman\u0131z kapsam\u0131ndaki yat\u0131r\u0131mlar hangileridir? Ayr\u0131 ayr\u0131 projeler ve maliyetleri ne kadard\u0131r? S\u00f6z konusu yat\u0131r\u0131mlar i\u00e7in yap\u0131lan bug\u00fcne kadar kullan\u0131lan kaynak ne kadard\u0131r?\u201d diye sordu.<\/p>\n<p><strong>HANG\u0130 BAKAN DO\u011eRU S\u00d6YL\u00dcYOR<\/strong><\/p>\n<p>Antalya\u2019ya yap\u0131lan yat\u0131r\u0131m tutar\u0131 konusunda da \u00e7eli\u015fkili a\u00e7\u0131klamalar oldu\u011funa dikkat \u00e7eken Budak, \u201cKalk\u0131nma Bakanl\u0131\u011f\u0131\u2019n\u0131n kamu yat\u0131r\u0131mlar\u0131na ili\u015fkin istatistiklerine g\u00f6re 2003-2015 d\u00f6neminde t\u00fcm kamu yat\u0131r\u0131mlar\u0131n\u0131n toplam\u0131 5 milyar 254.7 milyon TL olarak a\u00e7\u0131klan\u0131rken, sadece ula\u015ft\u0131rma yat\u0131r\u0131mlar\u0131n\u0131n 5 milyar TL olarak ger\u00e7ekle\u015fmesi nas\u0131l m\u00fcmk\u00fcn olmu\u015ftur? Antalya ula\u015ft\u0131rma projeleri i\u00e7in 2015 y\u0131l\u0131nda b\u00fct\u00e7eye konulan \u00f6denek miktar\u0131 ne kadard\u0131r? Bunun ne kadar\u0131 kullan\u0131lm\u0131\u015ft\u0131r? S\u00f6z konusu projeler i\u00e7in 2016 y\u0131l\u0131 b\u00fct\u00e7esine ne kadar \u00f6denek konulmas\u0131 \u00f6ng\u00f6r\u00fclm\u00fc\u015ft\u00fcr?\u201d dedi.<\/p>\n<p><strong>13 YILDA YOLLAR NEDEN B\u0130TMED\u0130<\/strong><\/p>\n<p>Budak, Bakan Y\u0131ld\u0131r\u0131m\u2019a \u015fu sorular\u0131 y\u00f6neltti:<\/p>\n<p>\u201cAntalya\u2019n\u0131n h\u0131zl\u0131 tren a\u011f\u0131na eklenmesi kapsam\u0131nda hangi ad\u0131mlar at\u0131lm\u0131\u015ft\u0131r? Bir proje haz\u0131rlanm\u0131\u015f ise; g\u00fczergah, maliyet ve projenin biti\u015f s\u00fcresi ne olarak \u00f6ng\u00f6r\u00fclm\u00fc\u015ft\u00fcr?<\/p>\n<p>Antalya\u2019n\u0131n bat\u0131 b\u00f6lgesine (Demre-Ka\u015f) y\u00f6nelik havaalan\u0131 yap\u0131lmas\u0131na ili\u015fkin hangi \u00e7al\u0131\u015fmalar y\u00fcr\u00fct\u00fclm\u00fc\u015f ve ne sonuca var\u0131lm\u0131\u015ft\u0131r? Maliyet ve projenin biti\u015f s\u00fcresi ne olarak \u00f6ng\u00f6r\u00fclm\u00fc\u015ft\u00fcr?<\/p>\n<p>Alt\u0131n Portakal Yat Liman\u0131 projesi hangi a\u015famadad\u0131r? Maliyeti ve projenin biti\u015f s\u00fcresi nedir?<\/p>\n<p>Antalya\u2019n\u0131n ula\u015f\u0131m projeleri i\u00e7in yakla\u015f\u0131k 8.6 milyar TL gibi b\u00fcy\u00fck bir yat\u0131r\u0131m tutar\u0131ndan bahsedilmesine ra\u011fmen, 13 y\u0131ll\u0131k s\u00fcrede neden ciddi bir sonu\u00e7 al\u0131namam\u0131\u015ft\u0131r? Yakla\u015f\u0131k 5 milyarl\u0131k yat\u0131r\u0131m yap\u0131lan yollar nerededir? Antalya\u2019n\u0131n kuzey, do\u011fu ve bat\u0131 illeriyle ba\u011flant\u0131lar\u0131n\u0131n tamamlanamamas\u0131, \u015fehir i\u00e7inde Do\u011fu \u00c7evre Yolu ve Kuzey \u00c7evre Yolu\u2019na hala ba\u015flanamamas\u0131, Bat\u0131 \u00c7evre Yolu\u2019nun neredeyse 10 y\u0131lda hizmete a\u00e7\u0131lamamas\u0131, bir planlama hatas\u0131 m\u0131d\u0131r? Bu tablo Antalya\u2019ya haks\u0131zl\u0131k de\u011fil midir?\u201d<\/p>\n<p>&nbsp;<\/p>\n","protected":false},"excerpt":{"rendered":"<p>-BUDAK\u2019TAN \u201c5 M\u0130LYARLIK YATIRIM\u201d SORUSU -\u201cANTALYA \u0130\u00c7\u0130N HANG\u0130 BAKAN DO\u011eRU S\u00d6YL\u00dcYOR?\u201d -\u201cANTALYA\u2019DA 5 M\u0130LYARLIK YATIRIM YAPILAN ULA\u015eTIRMA PROJELER\u0130 HANG\u0130LER\u0130?\u201d \u00a0 \u00a0\u00a0\u00a0\u00a0\u00a0\u00a0\u00a0\u00a0\u00a0\u00a0\u00a0 CHP Antalya Milletvekili \u00c7etin Osman Budak, Kalk\u0131nma Bakanl\u0131\u011f\u0131 ile Ula\u015ft\u0131rma Bakanl\u0131\u011f\u0131\u2019n\u0131n Antalya\u2019ya yap\u0131lan yat\u0131r\u0131m tutar\u0131 ile ilgili \u00e7eli\u015fkili a\u00e7\u0131klamalar\u0131n\u0131 TBMM g\u00fcndemine ta\u015f\u0131yarak, \u201cAntalya\u2019ya yap\u0131lan kamu yat\u0131r\u0131mlar\u0131nda hangi bakan do\u011fru s\u00f6yl\u00fcyor. Antalya ula\u015f\u0131m\u0131 i\u00e7in 5 [&hellip;]<\/p>\n","protected":false},"author":1,"featured_media":6890,"comment_status":"open","ping_status":"open","sticky":false,"template":"","format":"standard","meta":[],"categories":[52,35],"tags":[],"amp_enabled":true,"_links":{"self":[{"href":"https:\/\/chpantalya.com\/index.php?rest_route=\/wp\/v2\/posts\/8353"}],"collection":[{"href":"https:\/\/chpantalya.com\/index.php?rest_route=\/wp\/v2\/posts"}],"about":[{"href":"https:\/\/chpantalya.com\/index.php?rest_route=\/wp\/v2\/types\/post"}],"author":[{"embeddable":true,"href":"https:\/\/chpantalya.com\/index.php?rest_route=\/wp\/v2\/users\/1"}],"replies":[{"embeddable":true,"href":"https:\/\/chpantalya.com\/index.php?rest_route=%2Fwp%2Fv2%2Fcomments&post=8353"}],"version-history":[{"count":0,"href":"https:\/\/chpantalya.com\/index.php?rest_route=\/wp\/v2\/posts\/8353\/revisions"}],"wp:featuredmedia":[{"embeddable":true,"href":"https:\/\/chpantalya.com\/index.php?rest_route=\/wp\/v2\/media\/6890"}],"wp:attachment":[{"href":"https:\/\/chpantalya.com\/index.php?rest_route=%2Fwp%2Fv2%2Fmedia&parent=8353"}],"wp:term":[{"taxonomy":"category","embeddable":true,"href":"https:\/\/chpantalya.com\/index.php?rest_route=%2Fwp%2Fv2%2Fcategories&post=8353"},{"taxonomy":"post_tag","embeddable":true,"href":"https:\/\/chpantalya.com\/index.php?rest_route=%2Fwp%2Fv2%2Ftags&post=8353"}],"curies":[{"name":"wp","href":"https:\/\/api.w.org\/{rel}","templated":true}]}}