{"id":8593,"date":"2015-12-23T18:38:09","date_gmt":"2015-12-23T16:38:09","guid":{"rendered":"http:\/\/chpantalya.com\/?p=8593"},"modified":"2016-01-22T13:41:33","modified_gmt":"2016-01-22T11:41:33","slug":"gencler-nobet-degisimi-yapti","status":"publish","type":"post","link":"https:\/\/chpantalya.com\/?p=8593","title":{"rendered":"GEN\u00c7LER N\u00d6BET DE\u011e\u0130\u015e\u0130M\u0130 YAPTI"},"content":{"rendered":"<p>Hafta sonu yap\u0131lan kongrede Musa G\u00fcl 133 oy alarak CHP Antalya Gen\u00e7lik Kollar\u0131 Ba\u015fkanl\u0131\u011f\u0131\u2019na se\u00e7ildi.<\/p>\n<p>G\u00fcl, parti binas\u0131ndaki devir teslim t\u00f6reninde ilgin\u00e7 a\u00e7\u0131klamalarda bulundu.\u00a0\u2018Sevgi kazanacak\u2019 slogan\u0131yla g\u00f6reve geldi\u011fini ifade eden G\u00fcl, CHP\u2019de herkesin sevmeye ihtiyac\u0131 oldu\u011funu, \u201cO onla siyaset yap\u0131yor. Bu bunla siyaset yap\u0131yor diyerek hep \u00f6tekile\u015ftirme konumuna getiriyoruz.\u201d diyen G\u00fcl, mevcut bu duruma ilk olarak sevmekle ba\u015flamak gerekti\u011fini, inad\u0131na sevmeye ve g\u00fclmeye devam edeceklerini kaydetti.<\/p>\n<p>G\u00fcl, \u201cBu durumu partimizdeki di\u011fer arkada\u015flar\u0131m\u0131za abilerimize ve b\u00fcy\u00fcklerimize yans\u0131tmay\u0131 hedefliyoruz. Kazanan CHP olacakt\u0131r. Partimizi iktidar yapmak ad\u0131na gecemizi g\u00fcnd\u00fcz\u00fcm\u00fcze katarak onurlu g\u00f6revi lay\u0131k\u0131yla yerine getirece\u011fiz.\u201d diye konu\u015ftu.<\/p>\n<p>Gen\u00e7lik kollar\u0131 eski ba\u015fkan\u0131 G\u00f6khan Y\u0131lmaz da g\u00f6reve 4 ay \u00f6nce genel merkezin atamas\u0131yla geldi\u011fini, Musa G\u00fcl\u2019\u00fcn g\u00f6revi en iyi \u015fekilde yapaca\u011f\u0131ndan \u015f\u00fcphesi olmad\u0131\u011f\u0131n\u0131 a\u00e7\u0131klad\u0131.<\/p>\n<p>G\u00f6rev devir teslim t\u00f6reninde haz\u0131r bulunan CHP Antalya \u0130l Ba\u015fkan\u0131 Semih Esen, \u00f6nceki d\u00f6nem ve yeni se\u00e7ilen gen\u00e7lik kollar\u0131 ba\u015fkanlar\u0131na te\u015fekk\u00fcr etti. CHP\u2019yi 2019 senesinde yap\u0131lacak se\u00e7imlere haz\u0131rlayacaklar\u0131n\u0131 anlatan Esen, \u015funlar\u0131 s\u00f6yledi: \u201cHi\u00e7bir kavgan\u0131n i\u00e7erisine girmeyece\u011fiz.<\/p>\n<p>Ge\u00e7mi\u015fte ya\u015fanan b\u00fct\u00fcn k\u00fcsl\u00fckler, darg\u0131nl\u0131klar bizim g\u00fcndemimiz d\u0131\u015f\u0131nda kalacak. Biz bir tek \u015feye odaklanaca\u011f\u0131z. 5 olan belediye say\u0131m\u0131z\u0131 minimumda 10\u2019a \u00e7\u0131karaca\u011f\u0131z. \u00c7ok az bir \u00e7al\u0131\u015fmayla \u00e7ok az bir destek ve bir k\u00fc\u00e7\u00fck omuz darbesiyle alabilece\u011fimiz ilk akla gelen 5 il\u00e7e vard\u0131r. \u00d6nceli\u011fimiz bu 5 il\u00e7eyi daha almak ve 20-30 bin civar\u0131nda B\u00fcy\u00fck\u015fehir\u2019de AKP ile aram\u0131zda olan fark\u0131 kapatmak.\u201d<\/p>\n<p>Hafta sonu yap\u0131lan kongrede, Eren Do\u011fan birbiriyle ba\u015fkanl\u0131k m\u00fccadelesi veren Musa G\u00fcl 133 oy alarak CHP Antalya Gen\u00e7lik Kollar\u0131 Ba\u015fkanl\u0131\u011f\u0131\u2019na se\u00e7ilmi\u015fti. Eren Do\u011fan ise 75 oyda kalm\u0131\u015ft\u0131.<\/p>\n","protected":false},"excerpt":{"rendered":"<p>Hafta sonu yap\u0131lan kongrede Musa G\u00fcl 133 oy alarak CHP Antalya Gen\u00e7lik Kollar\u0131 Ba\u015fkanl\u0131\u011f\u0131\u2019na se\u00e7ildi. G\u00fcl, parti binas\u0131ndaki devir teslim t\u00f6reninde ilgin\u00e7 a\u00e7\u0131klamalarda bulundu.\u00a0\u2018Sevgi kazanacak\u2019 slogan\u0131yla g\u00f6reve geldi\u011fini ifade eden G\u00fcl, CHP\u2019de herkesin sevmeye ihtiyac\u0131 oldu\u011funu, \u201cO onla siyaset yap\u0131yor. Bu bunla siyaset yap\u0131yor diyerek hep \u00f6tekile\u015ftirme konumuna getiriyoruz.\u201d diyen G\u00fcl, mevcut bu duruma ilk [&hellip;]<\/p>\n","protected":false},"author":1,"featured_media":8594,"comment_status":"open","ping_status":"open","sticky":false,"template":"","format":"standard","meta":[],"categories":[56],"tags":[],"amp_enabled":true,"_links":{"self":[{"href":"https:\/\/chpantalya.com\/index.php?rest_route=\/wp\/v2\/posts\/8593"}],"collection":[{"href":"https:\/\/chpantalya.com\/index.php?rest_route=\/wp\/v2\/posts"}],"about":[{"href":"https:\/\/chpantalya.com\/index.php?rest_route=\/wp\/v2\/types\/post"}],"author":[{"embeddable":true,"href":"https:\/\/chpantalya.com\/index.php?rest_route=\/wp\/v2\/users\/1"}],"replies":[{"embeddable":true,"href":"https:\/\/chpantalya.com\/index.php?rest_route=%2Fwp%2Fv2%2Fcomments&post=8593"}],"version-history":[{"count":0,"href":"https:\/\/chpantalya.com\/index.php?rest_route=\/wp\/v2\/posts\/8593\/revisions"}],"wp:featuredmedia":[{"embeddable":true,"href":"https:\/\/chpantalya.com\/index.php?rest_route=\/wp\/v2\/media\/8594"}],"wp:attachment":[{"href":"https:\/\/chpantalya.com\/index.php?rest_route=%2Fwp%2Fv2%2Fmedia&parent=8593"}],"wp:term":[{"taxonomy":"category","embeddable":true,"href":"https:\/\/chpantalya.com\/index.php?rest_route=%2Fwp%2Fv2%2Fcategories&post=8593"},{"taxonomy":"post_tag","embeddable":true,"href":"https:\/\/chpantalya.com\/index.php?rest_route=%2Fwp%2Fv2%2Ftags&post=8593"}],"curies":[{"name":"wp","href":"https:\/\/api.w.org\/{rel}","templated":true}]}}